{"id":4396,"date":"2026-04-29T06:28:28","date_gmt":"2026-04-29T09:28:28","guid":{"rendered":"https:\/\/vagas.portalemprego.com.br\/?p=4396"},"modified":"2026-04-29T06:28:28","modified_gmt":"2026-04-29T09:28:28","slug":"promotor-repositor-comercial-vendas-rio-de-janeiro","status":"publish","type":"post","link":"https:\/\/vagas.portalemprego.com.br\/?p=4396","title":{"rendered":"Promotor Repositor &#8211; Comercial, Vendas &#8211; Rio de Janeiro"},"content":{"rendered":"<p>Vagas Dispon\u00edveis: Promotor Repositor<br \/>\nEstamos procurando algu\u00e9m respons\u00e1vel e dedicado para trabalhar como Promotor Repositor na Irm\u00e3os Benassi.<br \/>\nSe voc\u00ea gosta de trabalhar com pessoas, \u00e9 organizado e quer uma oportunidade em um ambiente que valoriza respeito e esfor\u00e7o, essa vaga pode ser para voc\u00ea.<br \/>\nNo dia a dia, voc\u00ea vai cuidar da reposi\u00e7\u00e3o dos produtos, manter tudo organizado e ajudar os clientes quando necess\u00e1rio. Seu trabalho \u00e9 muito importante para que a loja esteja sempre bonita e funcionando bem.<br \/>\nO que esperamos de voc\u00ea:<br \/>\nTrabalho em Equipe: Se dar bem com as pessoas, ajudar os colegas e manter um ambiente de trabalho tranquilo.<br \/>\nResolu\u00e7\u00e3o de Conflitos: Saber lidar com situa\u00e7\u00f5es mais dif\u00edceis, tentar resolver problemas simples e manter a calma.<br \/>\nComprometimento: Cumprir hor\u00e1rios, manter a qualidade do servi\u00e7o e vestir a camisa da empresa com orgulho.<br \/>\nProatividade: Perceber o que precisa ser feito e agir sem esperar que mandem, buscando sempre melhorar o ambiente de trabalho.<br \/>\nBoa Comunica\u00e7\u00e3o: Expressar-se com clareza e respeito com colegas, supervisores e clientes.<br \/>\nBairros c\/ vaga em aberto: Botafogo , Ipanema Barra da Tijuca e freguesia.<br \/>\nTer experi\u00eancia com reposi\u00e7\u00e3o em supermercados \u00e9 um diferencial, mas n\u00e3o \u00e9 obrigat\u00f3rio.<br \/>\nSe voc\u00ea tem vontade de aprender, j\u00e1 \u00e9 um \u00f3timo come\u00e7o.<br \/>\nSe gostou da vaga, se candidate e venha fazer parte da nossa equipe! ??<\/p>\n<ul>\n<li>N\u00famero de vagas: 5<\/li>\n<li>Local de trabalho: Rio de Janeiro, RJ<\/li>\n<li>Regime de contrata\u00e7\u00e3o de tipo: Efetivo \u2013 CLT<\/li>\n<li>Jornada: Per\u00edodo Integral<\/li>\n<li>\u00c1rea e especializa\u00e7\u00e3o profissional: Comercial, Vendas &#8211; Demonstrador \/ Promotor<\/li>\n<li>N\u00edvel hier\u00e1rquico: Operacional<\/li>\n<\/ul>\n<p>VALORIZADO<\/p>\n<p>Tempo de experi\u00eancia: Sem experi\u00eancia<\/p>\n<p>HABILIDADES<\/p>\n<ul>\n<li>Proatividade<\/li>\n<li>Boa comunica\u00e7\u00e3o<\/li>\n<li>Trabalho em equipe<\/li>\n<li>Comprometimento<\/li>\n<\/ul>\n<p>Escolaridade M\u00ednima: Ensino Fundamental (1\u00ba grau)<\/p>\n<ul>\n<li>Plano de Sa\u00fade<\/li>\n<li>Alimenta\u00e7\u00e3o<\/li>\n<li>Vale transporte<\/li>\n<li>Odontol\u00f3gico<\/li>\n<\/ul>\n<p>Sal\u00e1rio: 1712,0<\/p>\n","protected":false},"excerpt":{"rendered":"<p>Vagas Dispon\u00edveis: Promotor Repositor Estamos procurando algu\u00e9m respons\u00e1vel e dedicado para trabalhar como Promotor Repositor na Irm\u00e3os Benassi. Se voc\u00ea gosta de trabalhar com pessoas, \u00e9 organizado e quer uma oportunidade em um ambiente que valoriza respeito e esfor\u00e7o, essa vaga pode ser para voc\u00ea. No dia a dia, voc\u00ea vai cuidar da reposi\u00e7\u00e3o dos [&hellip;]<\/p>\n","protected":false},"author":1,"featured_media":0,"comment_status":"open","ping_status":"open","sticky":false,"template":"","format":"standard","meta":{"footnotes":""},"categories":[21],"tags":[],"class_list":["post-4396","post","type-post","status-publish","format-standard","hentry","category-rio-de-janeiro-rj"],"_links":{"self":[{"href":"https:\/\/vagas.portalemprego.com.br\/index.php?rest_route=\/wp\/v2\/posts\/4396","targetHints":{"allow":["GET"]}}],"collection":[{"href":"https:\/\/vagas.portalemprego.com.br\/index.php?rest_route=\/wp\/v2\/posts"}],"about":[{"href":"https:\/\/vagas.portalemprego.com.br\/index.php?rest_route=\/wp\/v2\/types\/post"}],"author":[{"embeddable":true,"href":"https:\/\/vagas.portalemprego.com.br\/index.php?rest_route=\/wp\/v2\/users\/1"}],"replies":[{"embeddable":true,"href":"https:\/\/vagas.portalemprego.com.br\/index.php?rest_route=%2Fwp%2Fv2%2Fcomments&post=4396"}],"version-history":[{"count":0,"href":"https:\/\/vagas.portalemprego.com.br\/index.php?rest_route=\/wp\/v2\/posts\/4396\/revisions"}],"wp:attachment":[{"href":"https:\/\/vagas.portalemprego.com.br\/index.php?rest_route=%2Fwp%2Fv2%2Fmedia&parent=4396"}],"wp:term":[{"taxonomy":"category","embeddable":true,"href":"https:\/\/vagas.portalemprego.com.br\/index.php?rest_route=%2Fwp%2Fv2%2Fcategories&post=4396"},{"taxonomy":"post_tag","embeddable":true,"href":"https:\/\/vagas.portalemprego.com.br\/index.php?rest_route=%2Fwp%2Fv2%2Ftags&post=4396"}],"curies":[{"name":"wp","href":"https:\/\/api.w.org\/{rel}","templated":true}]}}