{"id":4397,"date":"2026-04-29T06:28:28","date_gmt":"2026-04-29T09:28:28","guid":{"rendered":"https:\/\/vagas.portalemprego.com.br\/?p=4397"},"modified":"2026-04-29T06:28:28","modified_gmt":"2026-04-29T09:28:28","slug":"tecnico-de-nutricao-saude-rio-de-janeiro","status":"publish","type":"post","link":"https:\/\/vagas.portalemprego.com.br\/?p=4397","title":{"rendered":"TECNICO DE NUTRI\u00c7\u00c3O &#8211; Sa\u00fade &#8211; Rio de Janeiro"},"content":{"rendered":"<p>?? VAGA ABERTA \u2013 T\u00c9CNICO DE NUTRI\u00c7\u00c3O ??<br \/>\nEstamos contratando T\u00e9cnico(a) de Nutri\u00e7\u00e3o com perfil comercial para atuar em loja de suplementos, realizando atendimento ao cliente e tirando d\u00favidas sobre nutri\u00e7\u00e3o e suplementa\u00e7\u00e3o.<br \/>\n?? Local: M\u00e9ier \u2013 RJ<br \/>\n ?? In\u00edcio: 02\/02<br \/>\n?? Sal\u00e1rio: R$ 2.500,00 (piso da categoria)<br \/>\n ?? Benef\u00edcios:<br \/>\nVale Transporte (modal)<br \/>\nAux\u00edlio Refei\u00e7\u00e3o: R$ 280,00\/m\u00eas (com 20% de desconto em folha)<br \/>\n?? Escala: 5&#215;2<br \/>\n ?? Folgas: Domingo e Segunda<br \/>\n?? Interessados(as), enviar curr\u00edculo ou entrar em contato!<\/p>\n<ul>\n<li>Local de trabalho: Rio de Janeiro, RJ<\/li>\n<li>Regime de contrata\u00e7\u00e3o de tipo: Tempor\u00e1rio<\/li>\n<li>Jornada: Per\u00edodo Integral<\/li>\n<li>\u00c1rea e especializa\u00e7\u00e3o profissional: Sa\u00fade &#8211; Nutri\u00e7\u00e3o<\/li>\n<li>N\u00edvel hier\u00e1rquico: Assistente<\/li>\n<\/ul>\n<p>Escolaridade M\u00ednima: Curso T\u00e9cnico<\/p>\n<p>Sal\u00e1rio: 2500,0<\/p>\n","protected":false},"excerpt":{"rendered":"<p>?? VAGA ABERTA \u2013 T\u00c9CNICO DE NUTRI\u00c7\u00c3O ?? Estamos contratando T\u00e9cnico(a) de Nutri\u00e7\u00e3o com perfil comercial para atuar em loja de suplementos, realizando atendimento ao cliente e tirando d\u00favidas sobre nutri\u00e7\u00e3o e suplementa\u00e7\u00e3o. ?? Local: M\u00e9ier \u2013 RJ ?? In\u00edcio: 02\/02 ?? Sal\u00e1rio: R$ 2.500,00 (piso da categoria) ?? Benef\u00edcios: Vale Transporte (modal) Aux\u00edlio Refei\u00e7\u00e3o: [&hellip;]<\/p>\n","protected":false},"author":1,"featured_media":0,"comment_status":"open","ping_status":"open","sticky":false,"template":"","format":"standard","meta":{"footnotes":""},"categories":[21],"tags":[],"class_list":["post-4397","post","type-post","status-publish","format-standard","hentry","category-rio-de-janeiro-rj"],"_links":{"self":[{"href":"https:\/\/vagas.portalemprego.com.br\/index.php?rest_route=\/wp\/v2\/posts\/4397","targetHints":{"allow":["GET"]}}],"collection":[{"href":"https:\/\/vagas.portalemprego.com.br\/index.php?rest_route=\/wp\/v2\/posts"}],"about":[{"href":"https:\/\/vagas.portalemprego.com.br\/index.php?rest_route=\/wp\/v2\/types\/post"}],"author":[{"embeddable":true,"href":"https:\/\/vagas.portalemprego.com.br\/index.php?rest_route=\/wp\/v2\/users\/1"}],"replies":[{"embeddable":true,"href":"https:\/\/vagas.portalemprego.com.br\/index.php?rest_route=%2Fwp%2Fv2%2Fcomments&post=4397"}],"version-history":[{"count":0,"href":"https:\/\/vagas.portalemprego.com.br\/index.php?rest_route=\/wp\/v2\/posts\/4397\/revisions"}],"wp:attachment":[{"href":"https:\/\/vagas.portalemprego.com.br\/index.php?rest_route=%2Fwp%2Fv2%2Fmedia&parent=4397"}],"wp:term":[{"taxonomy":"category","embeddable":true,"href":"https:\/\/vagas.portalemprego.com.br\/index.php?rest_route=%2Fwp%2Fv2%2Fcategories&post=4397"},{"taxonomy":"post_tag","embeddable":true,"href":"https:\/\/vagas.portalemprego.com.br\/index.php?rest_route=%2Fwp%2Fv2%2Ftags&post=4397"}],"curies":[{"name":"wp","href":"https:\/\/api.w.org\/{rel}","templated":true}]}}