{"id":4398,"date":"2026-04-29T06:28:28","date_gmt":"2026-04-29T09:28:28","guid":{"rendered":"https:\/\/vagas.portalemprego.com.br\/?p=4398"},"modified":"2026-04-29T06:28:28","modified_gmt":"2026-04-29T09:28:28","slug":"vendedora-de-loja-comercial-vendas-niteroi-4","status":"publish","type":"post","link":"https:\/\/vagas.portalemprego.com.br\/?p=4398","title":{"rendered":"Vendedora de Loja &#8211; Comercial, Vendas &#8211; Niter\u00f3i"},"content":{"rendered":"<p>Estamos em busca de uma vendedora proativa, comunicativa e apaixonada por moda, para atuar em uma loja de cal\u00e7ados, localizada em Niter\u00f3i.<br \/>\nPrincipais atividades:<br \/>\nAtendimento ao cliente, oferecendo uma experi\u00eancia de compra personalizada<br \/>\nDemonstra\u00e7\u00e3o e venda de sapatos e acess\u00f3rios<br \/>\nOrganiza\u00e7\u00e3o e reposi\u00e7\u00e3o de mercadorias na loja<br \/>\nApoio no visual merchandising (exposi\u00e7\u00e3o e organiza\u00e7\u00e3o dos produtos)<br \/>\nOpera\u00e7\u00e3o de caixa (quando necess\u00e1rio)<\/p>\n<p>Requisitos:<br \/>\nEnsino m\u00e9dio completo<br \/>\nExperi\u00eancia anterior com vendas (preferencialmente em cal\u00e7ados ou acess\u00f3rios)<br \/>\nBoa comunica\u00e7\u00e3o e simpatia<br \/>\nFacilidade para trabalhar com metas<br \/>\nDisponibilidade de hor\u00e1rio<\/p>\n<p>Comiss\u00e3o: 3,85% | 4% | 4,25% | 4,5%<br \/>\n M\u00ednimo garantido: R$ 1.700,00 (com complemento, se necess\u00e1rio)<br \/>\n M\u00e9dia salarial l\u00edquida: R$ 2.500,00 (vari\u00e1vel conforme desempenho)<br \/>\nHor\u00e1rio de trabalho: 13h50 \u00e0s 22h00<br \/>\nFolga: Conforme escala<br \/>\nBenef\u00edcios:<br \/>\n Vale-lanche de R$ 27,50 para trabalho aos s\u00e1bados<br \/>\n Ambiente acolhedor, com foco em desenvolvimento profissional<br \/>\n Conv\u00eanio com faculdades (descontos em cursos)<br \/>\n Telemedicina (atendimento m\u00e9dico e psicol\u00f3gico online)<br \/>\n TotalPass<\/p>\n<ul>\n<li>Local de trabalho: Niter\u00f3i, RJ<\/li>\n<li>Regime de contrata\u00e7\u00e3o de tipo: Efetivo \u2013 CLT<\/li>\n<li>Jornada: Per\u00edodo Integral<\/li>\n<li>\u00c1rea e especializa\u00e7\u00e3o profissional: Comercial, Vendas &#8211; Lojas \/ Shopping<\/li>\n<li>N\u00edvel hier\u00e1rquico: Consultor<\/li>\n<\/ul>\n<p>Escolaridade M\u00ednima: Ensino M\u00e9dio (2\u00ba Grau)<\/p>\n","protected":false},"excerpt":{"rendered":"<p>Estamos em busca de uma vendedora proativa, comunicativa e apaixonada por moda, para atuar em uma loja de cal\u00e7ados, localizada em Niter\u00f3i. Principais atividades: Atendimento ao cliente, oferecendo uma experi\u00eancia de compra personalizada Demonstra\u00e7\u00e3o e venda de sapatos e acess\u00f3rios Organiza\u00e7\u00e3o e reposi\u00e7\u00e3o de mercadorias na loja Apoio no visual merchandising (exposi\u00e7\u00e3o e organiza\u00e7\u00e3o dos [&hellip;]<\/p>\n","protected":false},"author":1,"featured_media":0,"comment_status":"open","ping_status":"open","sticky":false,"template":"","format":"standard","meta":{"footnotes":""},"categories":[21],"tags":[],"class_list":["post-4398","post","type-post","status-publish","format-standard","hentry","category-rio-de-janeiro-rj"],"_links":{"self":[{"href":"https:\/\/vagas.portalemprego.com.br\/index.php?rest_route=\/wp\/v2\/posts\/4398","targetHints":{"allow":["GET"]}}],"collection":[{"href":"https:\/\/vagas.portalemprego.com.br\/index.php?rest_route=\/wp\/v2\/posts"}],"about":[{"href":"https:\/\/vagas.portalemprego.com.br\/index.php?rest_route=\/wp\/v2\/types\/post"}],"author":[{"embeddable":true,"href":"https:\/\/vagas.portalemprego.com.br\/index.php?rest_route=\/wp\/v2\/users\/1"}],"replies":[{"embeddable":true,"href":"https:\/\/vagas.portalemprego.com.br\/index.php?rest_route=%2Fwp%2Fv2%2Fcomments&post=4398"}],"version-history":[{"count":0,"href":"https:\/\/vagas.portalemprego.com.br\/index.php?rest_route=\/wp\/v2\/posts\/4398\/revisions"}],"wp:attachment":[{"href":"https:\/\/vagas.portalemprego.com.br\/index.php?rest_route=%2Fwp%2Fv2%2Fmedia&parent=4398"}],"wp:term":[{"taxonomy":"category","embeddable":true,"href":"https:\/\/vagas.portalemprego.com.br\/index.php?rest_route=%2Fwp%2Fv2%2Fcategories&post=4398"},{"taxonomy":"post_tag","embeddable":true,"href":"https:\/\/vagas.portalemprego.com.br\/index.php?rest_route=%2Fwp%2Fv2%2Ftags&post=4398"}],"curies":[{"name":"wp","href":"https:\/\/api.w.org\/{rel}","templated":true}]}}