{"id":4403,"date":"2026-04-29T06:28:28","date_gmt":"2026-04-29T09:28:28","guid":{"rendered":"https:\/\/vagas.portalemprego.com.br\/?p=4403"},"modified":"2026-04-29T06:28:28","modified_gmt":"2026-04-29T09:28:28","slug":"promotor-de-vendas-rio-de-janeiro-rj-administracao-rio-de-janeiro","status":"publish","type":"post","link":"https:\/\/vagas.portalemprego.com.br\/?p=4403","title":{"rendered":"PROMOTOR DE VENDAS &#8211; RIO DE JANEIRO\/RJ &#8211; Administra\u00e7\u00e3o &#8211; Rio de Janeiro"},"content":{"rendered":"<p>Estamos est\u00e1 em busca de um profissional para atuar como PROMOTOR DE VENDAS. Venha fazer parte do nosso time! Esta oportunidade far\u00e1 toda a diferen\u00e7a na constru\u00e7\u00e3o da sua carreira. Em nossa empresa, cuidamos com carinho de toda a jornada do colaborador, tornando \u00fanica a experi\u00eancia de trabalhar em uma grande empresa.<\/p>\n<p>As atribui\u00e7\u00f5es e atividades do cargo s\u00e3o:<br \/>\nAtendimento das lojas com foco em conquista de espa\u00e7os;<br \/>\nRelacionamento com vendedores e gerentes;<br \/>\nOrganiza\u00e7\u00e3o, reposi\u00e7\u00e3o, limpeza, precifica\u00e7\u00e3o, multiplica\u00e7\u00e3o de conhecimento;<br \/>\nAplica\u00e7\u00e3o de material de ponto de vendas e coleta de dados.<\/p>\n<p>Os requisitos da vaga s\u00e3o:<br \/>\nViv\u00eancia anterior na posi\u00e7\u00e3o de promotor de vendas, no mesmo segmento de atua\u00e7\u00e3o da marcacliente.<br \/>\nConhecimento em ferramentas de coleta (Agile, Umov.me).<br \/>\nConhecimento em t\u00e9cnicas de trade marketing e merchandising.<br \/>\nConhecimento em ativa\u00e7\u00e3o de campanhas de ponto de venda.<br \/>\nEnsino M\u00e9dio Completo<br \/>\nPacote Office &#8211; Excel &#8211; N\u00edvel B\u00e1sico, Powerpoint &#8211; N\u00edvel B\u00e1sico.<br \/>\nDisponibilidades para viagens<\/p>\n<p>As compet\u00eancias comportamentais do cargo, s\u00e3o:<br \/>\nComunica\u00e7\u00e3o e Persuas\u00e3o: Capacidade de apresentar produtos de forma clara, influenciar a decis\u00e3o de compra e se comunicar bem com clientes e equipes.<br \/>\nProatividade e Organiza\u00e7\u00e3o: Planejar rotas, organizar materiais (merchandising), garantir a reposi\u00e7\u00e3o de estoque, cumprir cronogramas e coleta de dados.<br \/>\nConhecimento do Produto: Entender profundamente os benef\u00edcios e caracter\u00edsticas do produto para divulg\u00e1-lo de forma eficaz.<br \/>\nResili\u00eancia e Adapta\u00e7\u00e3o: Lidar com desafios di\u00e1rios e feedbacks, buscando melhoria cont\u00ednua.<\/p>\n<p>Hor\u00e1rio de Trabalho: Escala 6&#215;1 [Segunda a Sexta das 08h00 as 17h00 e S\u00e1bado das 08h00 \u00e0s 12h00]<\/p>\n<p>Roteiro: Centro, Copacabana, Flamengo, Ipanema, Jardim Bot\u00e2nico, Leblon, Tijuca, Barra da Tijuca, Recreio dos Bandeirantes<\/p>\n<ul>\n<li>Local de trabalho: Rio de Janeiro, RJ<\/li>\n<li>Regime de contrata\u00e7\u00e3o de tipo: Efetivo \u2013 CLT<\/li>\n<li>Jornada: Per\u00edodo Integral<\/li>\n<li>\u00c1rea e especializa\u00e7\u00e3o profissional: Administra\u00e7\u00e3o &#8211; Administra\u00e7\u00e3o Geral<\/li>\n<li>N\u00edvel hier\u00e1rquico: Especialista<\/li>\n<\/ul>\n<p>VALORIZADO<\/p>\n<p>Tempo de experi\u00eancia: Menos de 1 ano<\/p>\n<p>Escolaridade M\u00ednima: Ensino Fundamental (1\u00ba grau)<\/p>\n<p>Forma\u00e7\u00e3o desejada:<\/p>\n<ul>\n<li>, Ensino Fundamental (1\u00ba grau)<\/li>\n<\/ul>\n<ul>\n<li>Assist\u00eancia Odontol\u00f3gica<\/li>\n<li>Curso de Idiomas<\/li>\n<li>Vale Transporte<\/li>\n<\/ul>\n<p>Sal\u00e1rio: 2000,0<\/p>\n","protected":false},"excerpt":{"rendered":"<p>Estamos est\u00e1 em busca de um profissional para atuar como PROMOTOR DE VENDAS. Venha fazer parte do nosso time! Esta oportunidade far\u00e1 toda a diferen\u00e7a na constru\u00e7\u00e3o da sua carreira. Em nossa empresa, cuidamos com carinho de toda a jornada do colaborador, tornando \u00fanica a experi\u00eancia de trabalhar em uma grande empresa. As atribui\u00e7\u00f5es e [&hellip;]<\/p>\n","protected":false},"author":1,"featured_media":0,"comment_status":"open","ping_status":"open","sticky":false,"template":"","format":"standard","meta":{"footnotes":""},"categories":[21],"tags":[],"class_list":["post-4403","post","type-post","status-publish","format-standard","hentry","category-rio-de-janeiro-rj"],"_links":{"self":[{"href":"https:\/\/vagas.portalemprego.com.br\/index.php?rest_route=\/wp\/v2\/posts\/4403","targetHints":{"allow":["GET"]}}],"collection":[{"href":"https:\/\/vagas.portalemprego.com.br\/index.php?rest_route=\/wp\/v2\/posts"}],"about":[{"href":"https:\/\/vagas.portalemprego.com.br\/index.php?rest_route=\/wp\/v2\/types\/post"}],"author":[{"embeddable":true,"href":"https:\/\/vagas.portalemprego.com.br\/index.php?rest_route=\/wp\/v2\/users\/1"}],"replies":[{"embeddable":true,"href":"https:\/\/vagas.portalemprego.com.br\/index.php?rest_route=%2Fwp%2Fv2%2Fcomments&post=4403"}],"version-history":[{"count":0,"href":"https:\/\/vagas.portalemprego.com.br\/index.php?rest_route=\/wp\/v2\/posts\/4403\/revisions"}],"wp:attachment":[{"href":"https:\/\/vagas.portalemprego.com.br\/index.php?rest_route=%2Fwp%2Fv2%2Fmedia&parent=4403"}],"wp:term":[{"taxonomy":"category","embeddable":true,"href":"https:\/\/vagas.portalemprego.com.br\/index.php?rest_route=%2Fwp%2Fv2%2Fcategories&post=4403"},{"taxonomy":"post_tag","embeddable":true,"href":"https:\/\/vagas.portalemprego.com.br\/index.php?rest_route=%2Fwp%2Fv2%2Ftags&post=4403"}],"curies":[{"name":"wp","href":"https:\/\/api.w.org\/{rel}","templated":true}]}}