{"id":4407,"date":"2026-04-29T06:28:28","date_gmt":"2026-04-29T09:28:28","guid":{"rendered":"https:\/\/vagas.portalemprego.com.br\/?p=4407"},"modified":"2026-04-29T06:28:28","modified_gmt":"2026-04-29T09:28:28","slug":"ajudante-de-carga-e-descarga-duque-de-caxias-industrial-producao-fabrica-duque-de-caxias","status":"publish","type":"post","link":"https:\/\/vagas.portalemprego.com.br\/?p=4407","title":{"rendered":"Ajudante de Carga e descarga \/ Duque de Caxias &#8211; Industrial, Produ\u00e7\u00e3o, F\u00e1brica &#8211; Duque de Caxias"},"content":{"rendered":"<p>AJUDANTE DE CARGA E DESCARGA &#8211; CAMPOS ELISIO<br \/>\n\u00a0Escolaridade<br \/>\nEnsino M\u00e9dio Completo<br \/>\n\u00a0Conhecimentos Espec\u00edfico\/Atitudes\/Comportamento Desej\u00e1veis<br \/>\nProativo, ass\u00edduo, que saiba trabalhar em equipe, que tenha disponibilidade\u00a0de\u00a0tempo e respons\u00e1vel.<br \/>\nPrincipais responsabilidades<br \/>\nAtender as demandas do setor produtivo para envase\u00a0de\u00a0vasilhames e cilindros, bem como realizar todos os procedimentos internos, movimenta\u00e7\u00f5es\u00a0de\u00a0vasilhames, organiza\u00e7\u00e3o e limpeza da plataforma.<\/p>\n<ul>\n<li>N\u00famero de vagas: 3<\/li>\n<li>Local de trabalho: Duque de Caxias, RJ<\/li>\n<li>Regime de contrata\u00e7\u00e3o de tipo: Efetivo \u2013 CLT<\/li>\n<li>Jornada: Per\u00edodo Integral<\/li>\n<li>\u00c1rea e especializa\u00e7\u00e3o profissional: Industrial, Produ\u00e7\u00e3o, F\u00e1brica &#8211; Produ\u00e7\u00e3o<\/li>\n<li>N\u00edvel hier\u00e1rquico: Operacional<\/li>\n<\/ul>\n<p>VALORIZADO<\/p>\n<p>Tempo de experi\u00eancia: Entre 1 e 3 anos<\/p>\n<p>Escolaridade M\u00ednima: Ensino M\u00e9dio (2\u00ba Grau)<\/p>\n<ul>\n<li>Aux\u00edlio filho com defici\u00eancia, mediante comprova\u00e7\u00e3o R$ 1.114,17<\/li>\n<li>Parcerias com escolas, faculdades, restaurantes e estabelecimentos gerais<\/li>\n<li>Desconto em produtos Esmaltec<\/li>\n<li>Plataforma de Educa\u00e7\u00e3o corporativa<\/li>\n<li>Wellz (Plataforma de sa\u00fade emocional)<\/li>\n<li>Gympass<\/li>\n<li>Participa\u00e7\u00e3o nos lucros<\/li>\n<li>Alimenta\u00e7\u00e3o no local<\/li>\n<li>Vale G\u00e1s mensal<\/li>\n<li>Ticket Alimenta\u00e7\u00e3o extra em janeiro Seguro de Vida R$ 814,73<\/li>\n<li>Ticket Alimenta\u00e7\u00e3o R$ 814,73<\/li>\n<li>Plano Odontol\u00f3gico (funcion\u00e1rio   dependentes)<\/li>\n<li>Plano de Sa\u00fade (funcion\u00e1rio   dependentes)<\/li>\n<li>Adicional de F\u00e9rias por tempo de servi\u00e7o<\/li>\n<\/ul>\n","protected":false},"excerpt":{"rendered":"<p>AJUDANTE DE CARGA E DESCARGA &#8211; CAMPOS ELISIO \u00a0Escolaridade Ensino M\u00e9dio Completo \u00a0Conhecimentos Espec\u00edfico\/Atitudes\/Comportamento Desej\u00e1veis Proativo, ass\u00edduo, que saiba trabalhar em equipe, que tenha disponibilidade\u00a0de\u00a0tempo e respons\u00e1vel. Principais responsabilidades Atender as demandas do setor produtivo para envase\u00a0de\u00a0vasilhames e cilindros, bem como realizar todos os procedimentos internos, movimenta\u00e7\u00f5es\u00a0de\u00a0vasilhames, organiza\u00e7\u00e3o e limpeza da plataforma. N\u00famero de vagas: [&hellip;]<\/p>\n","protected":false},"author":1,"featured_media":0,"comment_status":"open","ping_status":"open","sticky":false,"template":"","format":"standard","meta":{"footnotes":""},"categories":[21],"tags":[],"class_list":["post-4407","post","type-post","status-publish","format-standard","hentry","category-rio-de-janeiro-rj"],"_links":{"self":[{"href":"https:\/\/vagas.portalemprego.com.br\/index.php?rest_route=\/wp\/v2\/posts\/4407","targetHints":{"allow":["GET"]}}],"collection":[{"href":"https:\/\/vagas.portalemprego.com.br\/index.php?rest_route=\/wp\/v2\/posts"}],"about":[{"href":"https:\/\/vagas.portalemprego.com.br\/index.php?rest_route=\/wp\/v2\/types\/post"}],"author":[{"embeddable":true,"href":"https:\/\/vagas.portalemprego.com.br\/index.php?rest_route=\/wp\/v2\/users\/1"}],"replies":[{"embeddable":true,"href":"https:\/\/vagas.portalemprego.com.br\/index.php?rest_route=%2Fwp%2Fv2%2Fcomments&post=4407"}],"version-history":[{"count":0,"href":"https:\/\/vagas.portalemprego.com.br\/index.php?rest_route=\/wp\/v2\/posts\/4407\/revisions"}],"wp:attachment":[{"href":"https:\/\/vagas.portalemprego.com.br\/index.php?rest_route=%2Fwp%2Fv2%2Fmedia&parent=4407"}],"wp:term":[{"taxonomy":"category","embeddable":true,"href":"https:\/\/vagas.portalemprego.com.br\/index.php?rest_route=%2Fwp%2Fv2%2Fcategories&post=4407"},{"taxonomy":"post_tag","embeddable":true,"href":"https:\/\/vagas.portalemprego.com.br\/index.php?rest_route=%2Fwp%2Fv2%2Ftags&post=4407"}],"curies":[{"name":"wp","href":"https:\/\/api.w.org\/{rel}","templated":true}]}}