{"id":4410,"date":"2026-04-29T06:29:29","date_gmt":"2026-04-29T09:29:29","guid":{"rendered":"https:\/\/vagas.portalemprego.com.br\/?p=4410"},"modified":"2026-04-29T06:29:29","modified_gmt":"2026-04-29T09:29:29","slug":"analista-juridico-juridica-rio-de-janeiro","status":"publish","type":"post","link":"https:\/\/vagas.portalemprego.com.br\/?p=4410","title":{"rendered":"Analista Jur\u00eddico &#8211; Jur\u00eddica &#8211; Rio de Janeiro"},"content":{"rendered":"<p>Principais Responsabilidades:<br \/>\n? Atuar no processo de escritura\u00e7\u00e3o dos empreendimentos da empresa;<br \/>\n? Atuar no processo de legaliza\u00e7\u00e3o dos empreendimentos da empresa junto aos RGI\u2019s e demais \u00f3rg\u00e3os competentes;<br \/>\n? Elabora\u00e7\u00e3o de documentos jur\u00eddicos a fim de resguardar os interesses dos propriet\u00e1rios dos empreendimentos em constru\u00e7\u00e3o e\/ou j\u00e1 constru\u00eddos;<br \/>\n? Assessoria jur\u00eddica \u00e0 Diretoria da Mozak, bem como aos departamentos internos da empresa;<br \/>\n? Participa\u00e7\u00e3o nas reuni\u00f5es de comiss\u00e3o de representantes e assembleias, bem como elabora\u00e7\u00e3o das respectivas atas;<br \/>\n? Acompanhamento e suporte em estudos anuais de IPTU, SPU e taxa de inc\u00eandio de todos os empreendimentos em constru\u00e7\u00e3o, bem como dos j\u00e1 entregues, at\u00e9 sua efetiva regulariza\u00e7\u00e3o;<br \/>\n? Organizar arquivos e gerenciar documentos pertinentes \u00e0 sua atua\u00e7\u00e3o e \u00e1rea na Rede assim como arquivo f\u00edsico;<br \/>\n? Acompanhar e gerenciar o contencioso da empresa, incluindo a contrata\u00e7\u00e3o e coordena\u00e7\u00e3o de escrit\u00f3rios terceirizados, bem como o monitoramento do andamento dos processos judiciais e administrativos<\/p>\n<ul>\n<li>Local de trabalho: Rio de Janeiro, RJ<\/li>\n<li>Regime de contrata\u00e7\u00e3o de tipo: Efetivo \u2013 CLT<\/li>\n<li>Jornada: Per\u00edodo Integral<\/li>\n<li>\u00c1rea e especializa\u00e7\u00e3o profissional: Jur\u00eddica &#8211; Advocacia Geral<\/li>\n<li>N\u00edvel hier\u00e1rquico: Analista<\/li>\n<\/ul>\n<p>VALORIZADO<\/p>\n<p>Tempo de experi\u00eancia: Entre 1 e 3 anos<\/p>\n<p>HABILIDADES<\/p>\n<ul>\n<li>Ensino Superior Completo em ou pr\u00f3ximo \u00e0 forma\u00e7\u00e3o em Direito<\/li>\n<li>Dom\u00ednio do Pacote Office<\/li>\n<li>Desej\u00e1veis no\u00e7\u00f5es de Direito Imobili\u00e1rio<\/li>\n<li>Ingl\u00eas avan\u00e7ado\/fluente ser\u00e1 um diferencial<\/li>\n<li>Experi\u00eancia pr\u00e9via \u2013 est\u00e1gio ou eletivo &#8211; no setor Jur\u00eddico em Escrit\u00f3rios de Advocacia ou Organiza\u00e7\u00f5es na \u00e1rea Imobili\u00e1ria<\/li>\n<\/ul>\n<p>Escolaridade M\u00ednima: Ensino Superior<\/p>\n<ul>\n<li>Participa\u00e7\u00e3o nos lucros<\/li>\n<li>Day-off para aniversariantes<\/li>\n<li>Plano Odontol\u00f3gico (Bradesco)<\/li>\n<li>Plano de Sa\u00fade(Bradesco)<\/li>\n<li>Vale Refei\u00e7\u00e3o (R$ 39\/dia)<\/li>\n<li>Seguro de Vida<\/li>\n<li>Vale Alimenta\u00e7\u00e3o (R$ 230\/m\u00eas)<\/li>\n<li>Vale transporte ou aux\u00edlio combust\u00edvel<\/li>\n<li>Plano de Sa\u00fade<\/li>\n<\/ul>\n<p>Sal\u00e1rio: 3500,0<\/p>\n","protected":false},"excerpt":{"rendered":"<p>Principais Responsabilidades: ? Atuar no processo de escritura\u00e7\u00e3o dos empreendimentos da empresa; ? Atuar no processo de legaliza\u00e7\u00e3o dos empreendimentos da empresa junto aos RGI\u2019s e demais \u00f3rg\u00e3os competentes; ? Elabora\u00e7\u00e3o de documentos jur\u00eddicos a fim de resguardar os interesses dos propriet\u00e1rios dos empreendimentos em constru\u00e7\u00e3o e\/ou j\u00e1 constru\u00eddos; ? Assessoria jur\u00eddica \u00e0 Diretoria da [&hellip;]<\/p>\n","protected":false},"author":1,"featured_media":0,"comment_status":"open","ping_status":"open","sticky":false,"template":"","format":"standard","meta":{"footnotes":""},"categories":[21],"tags":[],"class_list":["post-4410","post","type-post","status-publish","format-standard","hentry","category-rio-de-janeiro-rj"],"_links":{"self":[{"href":"https:\/\/vagas.portalemprego.com.br\/index.php?rest_route=\/wp\/v2\/posts\/4410","targetHints":{"allow":["GET"]}}],"collection":[{"href":"https:\/\/vagas.portalemprego.com.br\/index.php?rest_route=\/wp\/v2\/posts"}],"about":[{"href":"https:\/\/vagas.portalemprego.com.br\/index.php?rest_route=\/wp\/v2\/types\/post"}],"author":[{"embeddable":true,"href":"https:\/\/vagas.portalemprego.com.br\/index.php?rest_route=\/wp\/v2\/users\/1"}],"replies":[{"embeddable":true,"href":"https:\/\/vagas.portalemprego.com.br\/index.php?rest_route=%2Fwp%2Fv2%2Fcomments&post=4410"}],"version-history":[{"count":0,"href":"https:\/\/vagas.portalemprego.com.br\/index.php?rest_route=\/wp\/v2\/posts\/4410\/revisions"}],"wp:attachment":[{"href":"https:\/\/vagas.portalemprego.com.br\/index.php?rest_route=%2Fwp%2Fv2%2Fmedia&parent=4410"}],"wp:term":[{"taxonomy":"category","embeddable":true,"href":"https:\/\/vagas.portalemprego.com.br\/index.php?rest_route=%2Fwp%2Fv2%2Fcategories&post=4410"},{"taxonomy":"post_tag","embeddable":true,"href":"https:\/\/vagas.portalemprego.com.br\/index.php?rest_route=%2Fwp%2Fv2%2Ftags&post=4410"}],"curies":[{"name":"wp","href":"https:\/\/api.w.org\/{rel}","templated":true}]}}