{"id":4415,"date":"2026-04-29T06:29:29","date_gmt":"2026-04-29T09:29:29","guid":{"rendered":"https:\/\/vagas.portalemprego.com.br\/?p=4415"},"modified":"2026-04-29T06:29:29","modified_gmt":"2026-04-29T09:29:29","slug":"assistente-administrativo-de-marketing-marketing-rio-de-janeiro","status":"publish","type":"post","link":"https:\/\/vagas.portalemprego.com.br\/?p=4415","title":{"rendered":"Assistente administrativo de marketing &#8211; Marketing &#8211; Rio de Janeiro"},"content":{"rendered":"<p>Principais Responsabilidades:<br \/>\n? Contrata\u00e7\u00e3o e negocia\u00e7\u00e3o de fornecedores e servi\u00e7os para o setor de marketing;<br \/>\n? Gest\u00e3o de or\u00e7amento &#8211; controle e acompanhamento financeiro dos investimentos do setor de marketing;<br \/>\n? Respons\u00e1vel pelas demandas operacionais do setor;<br \/>\n? Gera\u00e7\u00e3o de lan\u00e7amentos das contrata\u00e7\u00f5es no sistema de pagamento da empresa;<br \/>\n? Auxiliar e ajudar o Analista nas a\u00e7\u00f5es do setor de Marketing;<br \/>\n? Trabalhar em conjunto com a equipe comercial buscando incentivar as vendas e dar suporte com a\u00e7\u00f5es para fomentar os produtos\/empreendimentos;<\/p>\n<ul>\n<li>Local de trabalho: Rio de Janeiro, RJ<\/li>\n<li>Regime de contrata\u00e7\u00e3o de tipo: Efetivo \u2013 CLT<\/li>\n<li>Jornada: Per\u00edodo Integral<\/li>\n<li>\u00c1rea e especializa\u00e7\u00e3o profissional: Marketing &#8211; Marketing<\/li>\n<li>N\u00edvel hier\u00e1rquico: Assistente<\/li>\n<\/ul>\n<p>VALORIZADO<\/p>\n<p>Tempo de experi\u00eancia: Entre 1 e 3 anos<\/p>\n<p>HABILIDADES<\/p>\n<ul>\n<li>Desej\u00e1vel que que j\u00e1 tenha atuado em setores como varejo, ag\u00eancias de marketing\/publicidade. Atua\u00e7\u00e3o no segmento de alto padr\u00e3o ser\u00e1 um diferencial.<\/li>\n<li>Ingl\u00eas (b\u00e1sico)<\/li>\n<li>Pacote Office (intermedi\u00e1rio)<\/li>\n<li>Conhecimento b\u00e1sico\/intermedi\u00e1rio em ferramentas de marketing digital como: Google Ads, Facebook Ads e Google Analytics<\/li>\n<li>No\u00e7\u00e3o de edi\u00e7\u00e3o de v\u00eddeo b\u00e1sica<\/li>\n<li>Familiaridade \/conhecimento b\u00e1sico em Illustrator, InDesign e Photoshop<\/li>\n<li>Ensino Superior Completo em Comunica\u00e7\u00e3o Social, Publicidade, Marketing, Design e\/ou estudos de m\u00eddia<\/li>\n<li>Cursos ou certificados na \u00e1rea de marketing, design, digital e\/ou marca<\/li>\n<\/ul>\n<p>Escolaridade M\u00ednima: Ensino Superior<\/p>\n<ul>\n<li>Participa\u00e7\u00e3o nos lucros<\/li>\n<li>Day off aniversariante<\/li>\n<li>Plano odontol\u00f3gico<\/li>\n<li>Plano de sa\u00fade<\/li>\n<li>Vale transporte ou aux\u00edlio combust\u00edvel<\/li>\n<li>Vale Refei\u00e7\u00e3o R$ 39,00\/Dia<\/li>\n<li>Vale Alimenta\u00e7\u00e3o R$ 230,00\/M\u00eas<\/li>\n<li>Seguro de Vida<\/li>\n<\/ul>\n<p>Sal\u00e1rio: 2400,0<\/p>\n","protected":false},"excerpt":{"rendered":"<p>Principais Responsabilidades: ? Contrata\u00e7\u00e3o e negocia\u00e7\u00e3o de fornecedores e servi\u00e7os para o setor de marketing; ? Gest\u00e3o de or\u00e7amento &#8211; controle e acompanhamento financeiro dos investimentos do setor de marketing; ? Respons\u00e1vel pelas demandas operacionais do setor; ? Gera\u00e7\u00e3o de lan\u00e7amentos das contrata\u00e7\u00f5es no sistema de pagamento da empresa; ? Auxiliar e ajudar o Analista [&hellip;]<\/p>\n","protected":false},"author":1,"featured_media":0,"comment_status":"open","ping_status":"open","sticky":false,"template":"","format":"standard","meta":{"footnotes":""},"categories":[21],"tags":[],"class_list":["post-4415","post","type-post","status-publish","format-standard","hentry","category-rio-de-janeiro-rj"],"_links":{"self":[{"href":"https:\/\/vagas.portalemprego.com.br\/index.php?rest_route=\/wp\/v2\/posts\/4415","targetHints":{"allow":["GET"]}}],"collection":[{"href":"https:\/\/vagas.portalemprego.com.br\/index.php?rest_route=\/wp\/v2\/posts"}],"about":[{"href":"https:\/\/vagas.portalemprego.com.br\/index.php?rest_route=\/wp\/v2\/types\/post"}],"author":[{"embeddable":true,"href":"https:\/\/vagas.portalemprego.com.br\/index.php?rest_route=\/wp\/v2\/users\/1"}],"replies":[{"embeddable":true,"href":"https:\/\/vagas.portalemprego.com.br\/index.php?rest_route=%2Fwp%2Fv2%2Fcomments&post=4415"}],"version-history":[{"count":0,"href":"https:\/\/vagas.portalemprego.com.br\/index.php?rest_route=\/wp\/v2\/posts\/4415\/revisions"}],"wp:attachment":[{"href":"https:\/\/vagas.portalemprego.com.br\/index.php?rest_route=%2Fwp%2Fv2%2Fmedia&parent=4415"}],"wp:term":[{"taxonomy":"category","embeddable":true,"href":"https:\/\/vagas.portalemprego.com.br\/index.php?rest_route=%2Fwp%2Fv2%2Fcategories&post=4415"},{"taxonomy":"post_tag","embeddable":true,"href":"https:\/\/vagas.portalemprego.com.br\/index.php?rest_route=%2Fwp%2Fv2%2Ftags&post=4415"}],"curies":[{"name":"wp","href":"https:\/\/api.w.org\/{rel}","templated":true}]}}