{"id":4421,"date":"2026-04-29T06:29:29","date_gmt":"2026-04-29T09:29:29","guid":{"rendered":"https:\/\/vagas.portalemprego.com.br\/?p=4421"},"modified":"2026-04-29T06:29:29","modified_gmt":"2026-04-29T09:29:29","slug":"analista-de-pricing-rj-contabil-financas-economia-rio-de-janeiro","status":"publish","type":"post","link":"https:\/\/vagas.portalemprego.com.br\/?p=4421","title":{"rendered":"Analista de Pricing &#8211; RJ &#8211; Cont\u00e1bil, Finan\u00e7as, Economia &#8211; Rio de Janeiro"},"content":{"rendered":"<p>Analista de Precifica\u00e7\u00e3o<br \/>\nLocal: Centro \u2013 Rio de Janeiro\/RJ<br \/>\nRegime: CLT | 100% Presencial<\/p>\n<p>De segunda a sexta-feira, em hor\u00e1rio comercial.<\/p>\n<p>?? Remunera\u00e7\u00e3o e Benef\u00edcios<\/p>\n<p>Vale Transporte (conforme legisla\u00e7\u00e3o)<br \/>\nVale Refei\u00e7\u00e3o<br \/>\nPlano de Sa\u00fade<br \/>\nPlano Odontol\u00f3gico<\/p>\n<p>?? Principais Atividades<\/p>\n<p>Elabora\u00e7\u00e3o e an\u00e1lise de cota\u00e7\u00f5es nacionais e internacionais<br \/>\nAtendimento a clientes via e-mail e telefone.<br \/>\nSolicita\u00e7\u00e3o, an\u00e1lise e compara\u00e7\u00e3o de propostas junto a transportadoras<br \/>\nAvalia\u00e7\u00e3o de rotas, custos e viabilidade operacional<br \/>\nNegocia\u00e7\u00e3o e valida\u00e7\u00e3o de valores e condi\u00e7\u00f5es comerciais<br \/>\nInterface com \u00e1reas internas e parceiros externos<br \/>\nDesenvolvimento e homologa\u00e7\u00e3o de novos fornecedores e parceiros<br \/>\nAcompanhamento de feedbacks durante e ap\u00f3s as opera\u00e7\u00f5es<\/p>\n<p>?? Requisitos<\/p>\n<p>Experi\u00eancia com cota\u00e7\u00f5es (nacionais e\/ou internacionais)<br \/>\nConhecimento em log\u00edstica<br \/>\nDom\u00ednio do Pacote Office<br \/>\nIngl\u00eas fluente (leitura, escrita e conversa\u00e7\u00e3o)<br \/>\nEnsino superior completo<\/p>\n<ul>\n<li>Local de trabalho: Rio de Janeiro, RJ<\/li>\n<li>Regime de contrata\u00e7\u00e3o de tipo: Efetivo \u2013 CLT<\/li>\n<li>Jornada: Per\u00edodo Integral<\/li>\n<li>\u00c1rea e especializa\u00e7\u00e3o profissional: Cont\u00e1bil, Finan\u00e7as, Economia &#8211; Custos<\/li>\n<li>N\u00edvel hier\u00e1rquico: Analista<\/li>\n<\/ul>\n<p>VALORIZADO<\/p>\n<p>Tempo de experi\u00eancia: Entre 3 e 5 anos<\/p>\n<p>Escolaridade M\u00ednima: Ensino Superior<\/p>\n<p>Idiomas:<\/p>\n<ul>\n<li>Ingl\u00eas (Avan\u00e7ado)<\/li>\n<\/ul>\n","protected":false},"excerpt":{"rendered":"<p>Analista de Precifica\u00e7\u00e3o Local: Centro \u2013 Rio de Janeiro\/RJ Regime: CLT | 100% Presencial De segunda a sexta-feira, em hor\u00e1rio comercial. ?? Remunera\u00e7\u00e3o e Benef\u00edcios Vale Transporte (conforme legisla\u00e7\u00e3o) Vale Refei\u00e7\u00e3o Plano de Sa\u00fade Plano Odontol\u00f3gico ?? Principais Atividades Elabora\u00e7\u00e3o e an\u00e1lise de cota\u00e7\u00f5es nacionais e internacionais Atendimento a clientes via e-mail e telefone. Solicita\u00e7\u00e3o, [&hellip;]<\/p>\n","protected":false},"author":1,"featured_media":0,"comment_status":"open","ping_status":"open","sticky":false,"template":"","format":"standard","meta":{"footnotes":""},"categories":[21],"tags":[],"class_list":["post-4421","post","type-post","status-publish","format-standard","hentry","category-rio-de-janeiro-rj"],"_links":{"self":[{"href":"https:\/\/vagas.portalemprego.com.br\/index.php?rest_route=\/wp\/v2\/posts\/4421","targetHints":{"allow":["GET"]}}],"collection":[{"href":"https:\/\/vagas.portalemprego.com.br\/index.php?rest_route=\/wp\/v2\/posts"}],"about":[{"href":"https:\/\/vagas.portalemprego.com.br\/index.php?rest_route=\/wp\/v2\/types\/post"}],"author":[{"embeddable":true,"href":"https:\/\/vagas.portalemprego.com.br\/index.php?rest_route=\/wp\/v2\/users\/1"}],"replies":[{"embeddable":true,"href":"https:\/\/vagas.portalemprego.com.br\/index.php?rest_route=%2Fwp%2Fv2%2Fcomments&post=4421"}],"version-history":[{"count":0,"href":"https:\/\/vagas.portalemprego.com.br\/index.php?rest_route=\/wp\/v2\/posts\/4421\/revisions"}],"wp:attachment":[{"href":"https:\/\/vagas.portalemprego.com.br\/index.php?rest_route=%2Fwp%2Fv2%2Fmedia&parent=4421"}],"wp:term":[{"taxonomy":"category","embeddable":true,"href":"https:\/\/vagas.portalemprego.com.br\/index.php?rest_route=%2Fwp%2Fv2%2Fcategories&post=4421"},{"taxonomy":"post_tag","embeddable":true,"href":"https:\/\/vagas.portalemprego.com.br\/index.php?rest_route=%2Fwp%2Fv2%2Ftags&post=4421"}],"curies":[{"name":"wp","href":"https:\/\/api.w.org\/{rel}","templated":true}]}}