{"id":4422,"date":"2026-04-29T06:29:29","date_gmt":"2026-04-29T09:29:29","guid":{"rendered":"https:\/\/vagas.portalemprego.com.br\/?p=4422"},"modified":"2026-04-29T06:29:29","modified_gmt":"2026-04-29T09:29:29","slug":"chefe-de-cozinha-habibs-iraja-alimentacao-gastronomia-rio-de-janeiro","status":"publish","type":"post","link":"https:\/\/vagas.portalemprego.com.br\/?p=4422","title":{"rendered":"Chefe de Cozinha &#8211; HABIB&#8217;S IRAJ\u00c1 &#8211; Alimenta\u00e7\u00e3o \/ Gastronomia &#8211; Rio de Janeiro"},"content":{"rendered":"<p>Prazer, somos o maior grupo de food service genuinamente brasileiro.<br \/>\nNos conectamos com as pessoas por meio das comidas e hist\u00f3rias vividas \u00e0 mesa. H\u00e1 mais de 40 anos, levamos sabor e qualidade a pre\u00e7os realmente acess\u00edveis, sempre com foco em inovar e expandir a nossa atua\u00e7\u00e3o no mercado.<\/p>\n<p>Voc\u00ea tem paix\u00e3o pela gastronomia, perfil de lideran\u00e7a e busca crescimento em uma empresa que valoriza o talento e o compromisso com a qualidade?<\/p>\n<p>Ent\u00e3o vem com a gente!<\/p>\n<p>O que voc\u00ea vai fazer como Chefe de Cozinha:<br \/>\nCoordenar e supervisionar a equipe da cozinha, garantindo a execu\u00e7\u00e3o correta dos pratos e processos;<br \/>\nGarantir os padr\u00f5es de qualidade, apresenta\u00e7\u00e3o e sabor dos alimentos servidos;<br \/>\nControlar a produ\u00e7\u00e3o, desperd\u00edcios e o uso adequado de insumos;<br \/>\nAcompanhar e orientar boas pr\u00e1ticas de seguran\u00e7a alimentar e higiene conforme as normas da Vigil\u00e2ncia Sanit\u00e1ria;<br \/>\nPlanejar a rotina da cozinha junto \u00e0 lideran\u00e7a da loja, priorizando agilidade, organiza\u00e7\u00e3o e efici\u00eancia;<br \/>\nApoiar o desenvolvimento t\u00e9cnico da equipe e promover um ambiente de trabalho colaborativo.<\/p>\n<p>O que voc\u00ea precisa ter:<br \/>\nEnsino M\u00e9dio Completo (Curso T\u00e9cnico ou Superior em Gastronomia ser\u00e1 um diferencial);<br \/>\nExperi\u00eancia pr\u00e9via como l\u00edder de cozinha ou cozinheiro s\u00eanior;<br \/>\nConhecimento em controle de estoque, ficha t\u00e9cnica e seguran\u00e7a alimentar;<br \/>\nDisponibilidade de hor\u00e1rios, inclusive para trabalhar aos finais de semana e feriados;<br \/>\nLideran\u00e7a, proatividade e aten\u00e7\u00e3o aos detalhes.<\/p>\n<p>Ganhos:<br \/>\nPiso garantido + Premia\u00e7\u00e3o por Resultado;<br \/>\nVale Transporte + Refei\u00e7\u00e3o no local;<br \/>\nOportunidades reais de crescimento dentro do Grupo Habib\u2019s.<\/p>\n<p>Se voc\u00ea manda bem na lideran\u00e7a, gosta de colocar a m\u00e3o na massa e busca evolu\u00e7\u00e3o constante, essa vaga \u00e9 pra voc\u00ea!<\/p>\n<ul>\n<li>Local de trabalho: Rio de Janeiro, RJ<\/li>\n<li>Regime de contrata\u00e7\u00e3o de tipo: Efetivo \u2013 CLT<\/li>\n<li>Jornada: Per\u00edodo Integral<\/li>\n<li>\u00c1rea e especializa\u00e7\u00e3o profissional: Alimenta\u00e7\u00e3o \/ Gastronomia &#8211; Cozinha<\/li>\n<li>N\u00edvel hier\u00e1rquico: Coordenador<\/li>\n<\/ul>\n<p>VALORIZADO<\/p>\n<p>Tempo de experi\u00eancia: Entre 1 e 3 anos<\/p>\n<p>Escolaridade M\u00ednima: Ensino M\u00e9dio (2\u00ba Grau)<\/p>\n<ul>\n<li>Refei\u00e7\u00e3o no local<\/li>\n<li>Premia\u00e7\u00e3o por Resultados<\/li>\n<li>Vale transporte<\/li>\n<\/ul>\n","protected":false},"excerpt":{"rendered":"<p>Prazer, somos o maior grupo de food service genuinamente brasileiro. Nos conectamos com as pessoas por meio das comidas e hist\u00f3rias vividas \u00e0 mesa. H\u00e1 mais de 40 anos, levamos sabor e qualidade a pre\u00e7os realmente acess\u00edveis, sempre com foco em inovar e expandir a nossa atua\u00e7\u00e3o no mercado. Voc\u00ea tem paix\u00e3o pela gastronomia, perfil [&hellip;]<\/p>\n","protected":false},"author":1,"featured_media":0,"comment_status":"open","ping_status":"open","sticky":false,"template":"","format":"standard","meta":{"footnotes":""},"categories":[21],"tags":[],"class_list":["post-4422","post","type-post","status-publish","format-standard","hentry","category-rio-de-janeiro-rj"],"_links":{"self":[{"href":"https:\/\/vagas.portalemprego.com.br\/index.php?rest_route=\/wp\/v2\/posts\/4422","targetHints":{"allow":["GET"]}}],"collection":[{"href":"https:\/\/vagas.portalemprego.com.br\/index.php?rest_route=\/wp\/v2\/posts"}],"about":[{"href":"https:\/\/vagas.portalemprego.com.br\/index.php?rest_route=\/wp\/v2\/types\/post"}],"author":[{"embeddable":true,"href":"https:\/\/vagas.portalemprego.com.br\/index.php?rest_route=\/wp\/v2\/users\/1"}],"replies":[{"embeddable":true,"href":"https:\/\/vagas.portalemprego.com.br\/index.php?rest_route=%2Fwp%2Fv2%2Fcomments&post=4422"}],"version-history":[{"count":0,"href":"https:\/\/vagas.portalemprego.com.br\/index.php?rest_route=\/wp\/v2\/posts\/4422\/revisions"}],"wp:attachment":[{"href":"https:\/\/vagas.portalemprego.com.br\/index.php?rest_route=%2Fwp%2Fv2%2Fmedia&parent=4422"}],"wp:term":[{"taxonomy":"category","embeddable":true,"href":"https:\/\/vagas.portalemprego.com.br\/index.php?rest_route=%2Fwp%2Fv2%2Fcategories&post=4422"},{"taxonomy":"post_tag","embeddable":true,"href":"https:\/\/vagas.portalemprego.com.br\/index.php?rest_route=%2Fwp%2Fv2%2Ftags&post=4422"}],"curies":[{"name":"wp","href":"https:\/\/api.w.org\/{rel}","templated":true}]}}