{"id":4525,"date":"2026-04-29T06:30:30","date_gmt":"2026-04-29T09:30:30","guid":{"rendered":"https:\/\/vagas.portalemprego.com.br\/?p=4525"},"modified":"2026-04-29T06:30:30","modified_gmt":"2026-04-29T09:30:30","slug":"analista-de-departamento-pessoal-5x2-recursos-humanos-rio-de-janeiro","status":"publish","type":"post","link":"https:\/\/vagas.portalemprego.com.br\/?p=4525","title":{"rendered":"Analista de Departamento Pessoal 5&#215;2 &#8211; Recursos Humanos &#8211; Rio de Janeiro"},"content":{"rendered":"<p>Restaurante Cumbuca contrata para a vaga de Analista de Departamento Pessoal;<\/p>\n<p>A Cumbuca \u00e9 um delivery saud\u00e1vel, com 2 lojas localizadas na Tijuca e Botafogo. Nosso prop\u00f3sito \u00e9 levar felicidade aos nossos clientes por meio de um atendimento diferenciado e de uma comida saud\u00e1vel, saborosa e feita com carinho ??<\/p>\n<p>Trabalho presencial de 08:00 \u00e0s 18:00 (5&#215;2), na Tijuca \u2013 Rio de Janeiro<br \/>\nBuscamos um profissional com ensino superior completo, experi\u00eancia pr\u00e9via m\u00ednima de dois anos na \u00e1rea, preferencialmente em restaurante ou delivery, al\u00e9m de familiaridade com o pacote Office.<br \/>\n\u00c9 importante ter boa organiza\u00e7\u00e3o, agilidade e capacidade de lidar com demandas simult\u00e2neas.<br \/>\nO profissional ser\u00e1 respons\u00e1vel pelas demandas do departamento, admiss\u00e3o e demiss\u00e3o, afastamentos, confer\u00eancia e lan\u00e7amento de folhas de ponto, organiza\u00e7\u00e3o de documentos, controle de benef\u00edcios, vale-transporte, gera\u00e7\u00e3o e acompanhamento de f\u00e9rias, verifica\u00e7\u00e3o de t\u00e9rminos de contrato e rescis\u00f5es, demandas jur\u00eddicas trabalhistas, controle da medicina do trabalho, atendimento aos colaboradores e delega\u00e7\u00e3o de atividades e fun\u00e7\u00f5es para estagi\u00e1rias.<br \/>\nA remunera\u00e7\u00e3o ser\u00e1 definida de acordo com a pretens\u00e3o salarial;<br \/>\nAux\u00edlio Alimenta\u00e7\u00e3o<br \/>\nRefei\u00e7\u00e3o no local<br \/>\nVale Transporte<br \/>\nSeguro de vida<br \/>\nWellhub<br \/>\nentre outros<\/p>\n<ul>\n<li>Local de trabalho: Rio de Janeiro, RJ<\/li>\n<li>Regime de contrata\u00e7\u00e3o de tipo: Efetivo \u2013 CLT<\/li>\n<li>Jornada: Per\u00edodo Integral<\/li>\n<li>\u00c1rea e especializa\u00e7\u00e3o profissional: Recursos Humanos &#8211; Departamento Pessoal<\/li>\n<li>N\u00edvel hier\u00e1rquico: Analista<\/li>\n<\/ul>\n<p>Escolaridade M\u00ednima: Ensino Superior<\/p>\n","protected":false},"excerpt":{"rendered":"<p>Restaurante Cumbuca contrata para a vaga de Analista de Departamento Pessoal; A Cumbuca \u00e9 um delivery saud\u00e1vel, com 2 lojas localizadas na Tijuca e Botafogo. Nosso prop\u00f3sito \u00e9 levar felicidade aos nossos clientes por meio de um atendimento diferenciado e de uma comida saud\u00e1vel, saborosa e feita com carinho ?? Trabalho presencial de 08:00 \u00e0s [&hellip;]<\/p>\n","protected":false},"author":1,"featured_media":0,"comment_status":"open","ping_status":"open","sticky":false,"template":"","format":"standard","meta":{"footnotes":""},"categories":[21],"tags":[],"class_list":["post-4525","post","type-post","status-publish","format-standard","hentry","category-rio-de-janeiro-rj"],"_links":{"self":[{"href":"https:\/\/vagas.portalemprego.com.br\/index.php?rest_route=\/wp\/v2\/posts\/4525","targetHints":{"allow":["GET"]}}],"collection":[{"href":"https:\/\/vagas.portalemprego.com.br\/index.php?rest_route=\/wp\/v2\/posts"}],"about":[{"href":"https:\/\/vagas.portalemprego.com.br\/index.php?rest_route=\/wp\/v2\/types\/post"}],"author":[{"embeddable":true,"href":"https:\/\/vagas.portalemprego.com.br\/index.php?rest_route=\/wp\/v2\/users\/1"}],"replies":[{"embeddable":true,"href":"https:\/\/vagas.portalemprego.com.br\/index.php?rest_route=%2Fwp%2Fv2%2Fcomments&post=4525"}],"version-history":[{"count":0,"href":"https:\/\/vagas.portalemprego.com.br\/index.php?rest_route=\/wp\/v2\/posts\/4525\/revisions"}],"wp:attachment":[{"href":"https:\/\/vagas.portalemprego.com.br\/index.php?rest_route=%2Fwp%2Fv2%2Fmedia&parent=4525"}],"wp:term":[{"taxonomy":"category","embeddable":true,"href":"https:\/\/vagas.portalemprego.com.br\/index.php?rest_route=%2Fwp%2Fv2%2Fcategories&post=4525"},{"taxonomy":"post_tag","embeddable":true,"href":"https:\/\/vagas.portalemprego.com.br\/index.php?rest_route=%2Fwp%2Fv2%2Ftags&post=4525"}],"curies":[{"name":"wp","href":"https:\/\/api.w.org\/{rel}","templated":true}]}}