{"id":4526,"date":"2026-04-29T06:30:30","date_gmt":"2026-04-29T09:30:30","guid":{"rendered":"https:\/\/vagas.portalemprego.com.br\/?p=4526"},"modified":"2026-04-29T06:30:30","modified_gmt":"2026-04-29T09:30:30","slug":"auxiliar-de-producao-barra-do-pirai-banco-do-curriculos-industrial-producao-fabrica-dorandia","status":"publish","type":"post","link":"https:\/\/vagas.portalemprego.com.br\/?p=4526","title":{"rendered":"Auxiliar de Produ\u00e7\u00e3o &#8211; Barra do Pira\u00ed (Banco do curr\u00edculos) &#8211; Industrial, Produ\u00e7\u00e3o, F\u00e1brica &#8211; Dor\u00e2ndia"},"content":{"rendered":"<p>Nosso\u00a0sucesso\u00a0\u00e9\u00a0fruto\u00a0da\u00a0dedica\u00e7\u00e3o\u00a0e\u00a0do\u00a0talento\u00a0das\u00a0pessoas\u00a0que\u00a0trabalham\u00a0conosco.\u00a0Constru\u00edmos\u00a0uma\u00a0cultura\u00a0forte,\u00a0baseada\u00a0em\u00a0valores\u00a0s\u00f3lidos,\u00a0que\u00a0guiam\u00a0nossas\u00a0decis\u00f5es,\u00a0estrat\u00e9gias\u00a0e\u00a0a\u00a0busca\u00a0por\u00a0profissionais\u00a0alinhados\u00a0ao\u00a0nosso\u00a0prop\u00f3sito.<br \/>\nAcreditamos\u00a0que\u00a0desafios\u00a0s\u00e3o\u00a0oportunidades\u00a0e\u00a0buscamos\u00a0talentos\u00a0que\u00a0compartilhem\u00a0de\u00a0nossos\u00a0valores,\u00a0contribuindo\u00a0para\u00a0um\u00a0ambiente\u00a0din\u00e2mico\u00a0e\u00a0inspirador.<br \/>\nJuntos,\u00a0seguimos\u00a0aprimorando\u00a0nossa\u00a0cultura\u00a0e\u00a0fortalecendo\u00a0nosso\u00a0compromisso\u00a0de\u00a0alimentar\u00a0sua\u00a0vida.<\/p>\n<p>Voc\u00ea ser\u00e1 respons\u00e1vel por:<\/p>\n<p>\u2022 Acompanhar os produtos na linha de produ\u00e7\u00e3o, a fim de verificar poss\u00edveis defeitos ou falhas, efetuando ajustes ou descartando o produto para garantir sua qualidade;<br \/>\n\u2022 Verificar os produtos que ser\u00e3o embalados, e sempre que necess\u00e1rio tirando os produtos com defeitos da esteira para que sejam corrigidos e embalados corretamente;<br \/>\n\u2022 Abastecer a linha de produ\u00e7\u00e3o com materiais secund\u00e1rios;<br \/>\n\u2022 Montar caixas de papel\u00e3o, colocando-as pr\u00f3ximo as esteiras para que o encaixotamento seja efetuado;<br \/>\n\u2022 Encaixotar os produtos nas caixas de papel\u00e3o de acordo com as especifica\u00e7\u00f5es recebidas;<br \/>\n\u2022 Organizar as caixas nos palletes, envolvendo com filme stretch;<br \/>\n\u2022 Movimentar e posicionar os palletes prontos no setor para armazenamento;<br \/>\n\u2022 Efetuar a limpeza e organiza\u00e7\u00e3o do setor e equipamentos;<br \/>\n\u2022 Alternar-se nessas atividades ao longo da jornada di\u00e1ria.<\/p>\n<p>O que a Vigor espera:<br \/>\n\u2022\u00a0Disponibilidade de hor\u00e1rio<br \/>\n\u2022 Ensino Fundamental Completo.<\/p>\n<p>Benef\u00edcios:<br \/>\nConv\u00eanio M\u00e9dico e Odontol\u00f3gico;<br \/>\nRefei\u00e7\u00e3o no local;<br \/>\nVale Alimenta\u00e7\u00e3o;<br \/>\nSeguro de Vida;<br \/>\nFretado;<br \/>\nGympass;<\/p>\n<p>#VemSerVigor<\/p>\n<ul>\n<li>Local de trabalho: Dor\u00e2ndia, RJ<\/li>\n<li>Regime de contrata\u00e7\u00e3o de tipo: Efetivo \u2013 CLT<\/li>\n<li>Jornada: Per\u00edodo Integral<\/li>\n<li>\u00c1rea e especializa\u00e7\u00e3o profissional: Industrial, Produ\u00e7\u00e3o, F\u00e1brica &#8211; Produ\u00e7\u00e3o<\/li>\n<li>N\u00edvel hier\u00e1rquico: Auxiliar<\/li>\n<\/ul>\n<p>Escolaridade M\u00ednima: Ensino M\u00e9dio (2\u00ba Grau)<\/p>\n<ul>\n<li>Assist\u00eancia m\u00e9dica<\/li>\n<li>Assist\u00eancia odontol\u00f3gica<\/li>\n<li>Vale-alimenta\u00e7\u00e3o<\/li>\n<li>Refei\u00e7\u00e3o no local<\/li>\n<li>Vale-transporte<\/li>\n<li>Gympass<\/li>\n<\/ul>\n","protected":false},"excerpt":{"rendered":"<p>Nosso\u00a0sucesso\u00a0\u00e9\u00a0fruto\u00a0da\u00a0dedica\u00e7\u00e3o\u00a0e\u00a0do\u00a0talento\u00a0das\u00a0pessoas\u00a0que\u00a0trabalham\u00a0conosco.\u00a0Constru\u00edmos\u00a0uma\u00a0cultura\u00a0forte,\u00a0baseada\u00a0em\u00a0valores\u00a0s\u00f3lidos,\u00a0que\u00a0guiam\u00a0nossas\u00a0decis\u00f5es,\u00a0estrat\u00e9gias\u00a0e\u00a0a\u00a0busca\u00a0por\u00a0profissionais\u00a0alinhados\u00a0ao\u00a0nosso\u00a0prop\u00f3sito. Acreditamos\u00a0que\u00a0desafios\u00a0s\u00e3o\u00a0oportunidades\u00a0e\u00a0buscamos\u00a0talentos\u00a0que\u00a0compartilhem\u00a0de\u00a0nossos\u00a0valores,\u00a0contribuindo\u00a0para\u00a0um\u00a0ambiente\u00a0din\u00e2mico\u00a0e\u00a0inspirador. Juntos,\u00a0seguimos\u00a0aprimorando\u00a0nossa\u00a0cultura\u00a0e\u00a0fortalecendo\u00a0nosso\u00a0compromisso\u00a0de\u00a0alimentar\u00a0sua\u00a0vida. Voc\u00ea ser\u00e1 respons\u00e1vel por: \u2022 Acompanhar os produtos na linha de produ\u00e7\u00e3o, a fim de verificar poss\u00edveis defeitos ou falhas, efetuando ajustes ou descartando o produto para garantir sua qualidade; \u2022 Verificar os produtos que ser\u00e3o embalados, e sempre que necess\u00e1rio tirando os produtos com defeitos da esteira para que sejam corrigidos [&hellip;]<\/p>\n","protected":false},"author":1,"featured_media":0,"comment_status":"open","ping_status":"open","sticky":false,"template":"","format":"standard","meta":{"footnotes":""},"categories":[21],"tags":[],"class_list":["post-4526","post","type-post","status-publish","format-standard","hentry","category-rio-de-janeiro-rj"],"_links":{"self":[{"href":"https:\/\/vagas.portalemprego.com.br\/index.php?rest_route=\/wp\/v2\/posts\/4526","targetHints":{"allow":["GET"]}}],"collection":[{"href":"https:\/\/vagas.portalemprego.com.br\/index.php?rest_route=\/wp\/v2\/posts"}],"about":[{"href":"https:\/\/vagas.portalemprego.com.br\/index.php?rest_route=\/wp\/v2\/types\/post"}],"author":[{"embeddable":true,"href":"https:\/\/vagas.portalemprego.com.br\/index.php?rest_route=\/wp\/v2\/users\/1"}],"replies":[{"embeddable":true,"href":"https:\/\/vagas.portalemprego.com.br\/index.php?rest_route=%2Fwp%2Fv2%2Fcomments&post=4526"}],"version-history":[{"count":0,"href":"https:\/\/vagas.portalemprego.com.br\/index.php?rest_route=\/wp\/v2\/posts\/4526\/revisions"}],"wp:attachment":[{"href":"https:\/\/vagas.portalemprego.com.br\/index.php?rest_route=%2Fwp%2Fv2%2Fmedia&parent=4526"}],"wp:term":[{"taxonomy":"category","embeddable":true,"href":"https:\/\/vagas.portalemprego.com.br\/index.php?rest_route=%2Fwp%2Fv2%2Fcategories&post=4526"},{"taxonomy":"post_tag","embeddable":true,"href":"https:\/\/vagas.portalemprego.com.br\/index.php?rest_route=%2Fwp%2Fv2%2Ftags&post=4526"}],"curies":[{"name":"wp","href":"https:\/\/api.w.org\/{rel}","templated":true}]}}