{"id":4529,"date":"2026-04-29T06:30:30","date_gmt":"2026-04-29T09:30:30","guid":{"rendered":"https:\/\/vagas.portalemprego.com.br\/?p=4529"},"modified":"2026-04-29T06:30:30","modified_gmt":"2026-04-29T09:30:30","slug":"assistente-de-secretaria-administracao-rio-de-janeiro","status":"publish","type":"post","link":"https:\/\/vagas.portalemprego.com.br\/?p=4529","title":{"rendered":"Assistente de Secretaria &#8211; Administra\u00e7\u00e3o &#8211; Rio de Janeiro"},"content":{"rendered":"<p>Estamos em busca de um Assistente de Secretaria para se juntar ao nosso time.Buscamos um profissional organizado, com habilidades de comunica\u00e7\u00e3o e aten\u00e7\u00e3o aos detalhes.O candidato ideal dever\u00e1 ser capaz de gerenciar tarefas administrativas, auxiliar na organiza\u00e7\u00e3o de eventos e garantir a efici\u00eancia operacional do setor.<br \/>\nA posi\u00e7\u00e3o requer algu\u00e9m que tenha experi\u00eancia em suporte administrativo, com foco em atividades como gerenciamento de correspond\u00eancias, agendamento de reuni\u00f5es, controle de documentos e suporte ao departamento de RH.\u00c9 essencial que o candidato demonstre habilidades de resolu\u00e7\u00e3o de problemas e tenha uma abordagem proativa para as tarefas di\u00e1rias.<br \/>\nVoc\u00ea deve ter no\u00e7\u00f5es b\u00e1sicas de inform\u00e1tica, com familiaridade em pacotes Office, especialmente Excel e Word.A capacidade de trabalhar em equipe e a flexibilidade para lidar com demandas vari\u00e1veis s\u00e3o fundamentais.O candidato dever\u00e1 estar disposto a aprender e adaptar-se \u00e0s necessidades da empresa.<br \/>\nA oportunidade oferece um ambiente de trabalho acolhedor e uma chance de contribuir para o sucesso da organiza\u00e7\u00e3o.Se voc\u00ea \u00e9 meticuloso, tem uma boa vis\u00e3o de detalhes e est\u00e1 procurando um ambiente onde possa aplicar suas habilidades administrativas, esta \u00e9 a chance perfeita para voc\u00ea.<br \/>\nJunte-se a n\u00f3s e fa\u00e7a parte de um time din\u00e2mico e comprometido com a excel\u00eancia em servi\u00e7os.Estamos ansiosos para conhecer algu\u00e9m com sua energia e comprometimento.<\/p>\n<ul>\n<li>Local de trabalho: Rio de Janeiro, RJ<\/li>\n<li>Regime de contrata\u00e7\u00e3o de tipo: Est\u00e1gio<\/li>\n<li>Jornada: Per\u00edodo Integral<\/li>\n<li>\u00c1rea e especializa\u00e7\u00e3o profissional: Administra\u00e7\u00e3o &#8211; Secretariado<\/li>\n<li>N\u00edvel hier\u00e1rquico: Assistente<\/li>\n<\/ul>\n<p>Escolaridade M\u00ednima: Ensino Superior<\/p>\n<p>Sal\u00e1rio: 1500,0<\/p>\n","protected":false},"excerpt":{"rendered":"<p>Estamos em busca de um Assistente de Secretaria para se juntar ao nosso time.Buscamos um profissional organizado, com habilidades de comunica\u00e7\u00e3o e aten\u00e7\u00e3o aos detalhes.O candidato ideal dever\u00e1 ser capaz de gerenciar tarefas administrativas, auxiliar na organiza\u00e7\u00e3o de eventos e garantir a efici\u00eancia operacional do setor. A posi\u00e7\u00e3o requer algu\u00e9m que tenha experi\u00eancia em suporte [&hellip;]<\/p>\n","protected":false},"author":1,"featured_media":0,"comment_status":"open","ping_status":"open","sticky":false,"template":"","format":"standard","meta":{"footnotes":""},"categories":[21],"tags":[],"class_list":["post-4529","post","type-post","status-publish","format-standard","hentry","category-rio-de-janeiro-rj"],"_links":{"self":[{"href":"https:\/\/vagas.portalemprego.com.br\/index.php?rest_route=\/wp\/v2\/posts\/4529","targetHints":{"allow":["GET"]}}],"collection":[{"href":"https:\/\/vagas.portalemprego.com.br\/index.php?rest_route=\/wp\/v2\/posts"}],"about":[{"href":"https:\/\/vagas.portalemprego.com.br\/index.php?rest_route=\/wp\/v2\/types\/post"}],"author":[{"embeddable":true,"href":"https:\/\/vagas.portalemprego.com.br\/index.php?rest_route=\/wp\/v2\/users\/1"}],"replies":[{"embeddable":true,"href":"https:\/\/vagas.portalemprego.com.br\/index.php?rest_route=%2Fwp%2Fv2%2Fcomments&post=4529"}],"version-history":[{"count":0,"href":"https:\/\/vagas.portalemprego.com.br\/index.php?rest_route=\/wp\/v2\/posts\/4529\/revisions"}],"wp:attachment":[{"href":"https:\/\/vagas.portalemprego.com.br\/index.php?rest_route=%2Fwp%2Fv2%2Fmedia&parent=4529"}],"wp:term":[{"taxonomy":"category","embeddable":true,"href":"https:\/\/vagas.portalemprego.com.br\/index.php?rest_route=%2Fwp%2Fv2%2Fcategories&post=4529"},{"taxonomy":"post_tag","embeddable":true,"href":"https:\/\/vagas.portalemprego.com.br\/index.php?rest_route=%2Fwp%2Fv2%2Ftags&post=4529"}],"curies":[{"name":"wp","href":"https:\/\/api.w.org\/{rel}","templated":true}]}}