{"id":4587,"date":"2026-04-29T06:33:33","date_gmt":"2026-04-29T09:33:33","guid":{"rendered":"https:\/\/vagas.portalemprego.com.br\/?p=4587"},"modified":"2026-04-29T06:33:33","modified_gmt":"2026-04-29T09:33:33","slug":"jovem-aprendiz-higienizacao-niteroi-servicos-gerais-niteroi","status":"publish","type":"post","link":"https:\/\/vagas.portalemprego.com.br\/?p=4587","title":{"rendered":"JOVEM APRENDIZ HIGIENIZA\u00c7\u00c3O-NITEROI &#8211; Servi\u00e7os Gerais &#8211; Niter\u00f3i"},"content":{"rendered":"<p>Auxiliar na higieniza\u00e7\u00e3o dos setores em geral, atrav\u00e9s de coleta interna de res\u00edduo comum e recicl\u00e1vel, salvo biol\u00f3gico com precau\u00e7\u00e3o a\u00e9rea e contato;<br \/>\nAuxiliar na higieniza\u00e7\u00e3o de banheiros, vidros, superf\u00edcies horizontais e verticais, como: mesa, bancada, parede, teto, cortinas, persianas e janelas varrendo e lavando a fim de manter as \u00e1reas limpas e organizadas;<br \/>\nAuxiliar na limpeza e no abastecimento das saboneteiras, papeleiras e produtos nos recipientes, repondo os materiais que estiverem acabando;<br \/>\nAbastecer e programar a M\u00e1quina de Lavar para com o objetivo manter limpos os panos e MOP\u00b4s;<br \/>\nOrganizar as caixas com Kits de equipamentos de prote\u00e7\u00e3o individual, bem como auxiliar no preenchimento das fichas dos colaboradores do setor;<br \/>\nOrganizar o estoque de Produtos de Higieniza\u00e7\u00e3o e Equipamentos, bem como, auxiliar na separa\u00e7\u00e3o e distribui\u00e7\u00e3o do material para execu\u00e7\u00e3o da higieniza\u00e7\u00e3o;<br \/>\nOrganizar o carrinho funcional e\/ou balaio de acordo com a padroniza\u00e7\u00e3o estabelecida pela Empresa;<br \/>\nAuxiliar na verifica\u00e7\u00e3o das etiquetas de identifica\u00e7\u00e3o e validade dos produtos conforme padr\u00e3o estabelecido pela Empresa;<br \/>\nExecutar atividades afins, de acordo com as suas compet\u00eancias, mediante solicita\u00e7\u00e3o do superior hier\u00e1rquico.<\/p>\n<ul>\n<li>N\u00famero de vagas: 10<\/li>\n<li>Local de trabalho: Niter\u00f3i, RJ<\/li>\n<li>Regime de contrata\u00e7\u00e3o de tipo: Jovem Aprendiz<\/li>\n<li>Jornada: Parcial manh\u00e3s<\/li>\n<li>\u00c1rea e especializa\u00e7\u00e3o profissional: Servi\u00e7os Gerais &#8211; Higieniza\u00e7\u00e3o \/ Estereliza\u00e7\u00e3o<\/li>\n<li>N\u00edvel hier\u00e1rquico: Operacional<\/li>\n<\/ul>\n<p>VALORIZADO<\/p>\n<p>Tempo de experi\u00eancia: Sem experi\u00eancia<\/p>\n<p>Escolaridade M\u00ednima: Ensino M\u00e9dio (2\u00ba Grau)<\/p>\n","protected":false},"excerpt":{"rendered":"<p>Auxiliar na higieniza\u00e7\u00e3o dos setores em geral, atrav\u00e9s de coleta interna de res\u00edduo comum e recicl\u00e1vel, salvo biol\u00f3gico com precau\u00e7\u00e3o a\u00e9rea e contato; Auxiliar na higieniza\u00e7\u00e3o de banheiros, vidros, superf\u00edcies horizontais e verticais, como: mesa, bancada, parede, teto, cortinas, persianas e janelas varrendo e lavando a fim de manter as \u00e1reas limpas e organizadas; Auxiliar [&hellip;]<\/p>\n","protected":false},"author":1,"featured_media":0,"comment_status":"open","ping_status":"open","sticky":false,"template":"","format":"standard","meta":{"footnotes":""},"categories":[21],"tags":[],"class_list":["post-4587","post","type-post","status-publish","format-standard","hentry","category-rio-de-janeiro-rj"],"_links":{"self":[{"href":"https:\/\/vagas.portalemprego.com.br\/index.php?rest_route=\/wp\/v2\/posts\/4587","targetHints":{"allow":["GET"]}}],"collection":[{"href":"https:\/\/vagas.portalemprego.com.br\/index.php?rest_route=\/wp\/v2\/posts"}],"about":[{"href":"https:\/\/vagas.portalemprego.com.br\/index.php?rest_route=\/wp\/v2\/types\/post"}],"author":[{"embeddable":true,"href":"https:\/\/vagas.portalemprego.com.br\/index.php?rest_route=\/wp\/v2\/users\/1"}],"replies":[{"embeddable":true,"href":"https:\/\/vagas.portalemprego.com.br\/index.php?rest_route=%2Fwp%2Fv2%2Fcomments&post=4587"}],"version-history":[{"count":0,"href":"https:\/\/vagas.portalemprego.com.br\/index.php?rest_route=\/wp\/v2\/posts\/4587\/revisions"}],"wp:attachment":[{"href":"https:\/\/vagas.portalemprego.com.br\/index.php?rest_route=%2Fwp%2Fv2%2Fmedia&parent=4587"}],"wp:term":[{"taxonomy":"category","embeddable":true,"href":"https:\/\/vagas.portalemprego.com.br\/index.php?rest_route=%2Fwp%2Fv2%2Fcategories&post=4587"},{"taxonomy":"post_tag","embeddable":true,"href":"https:\/\/vagas.portalemprego.com.br\/index.php?rest_route=%2Fwp%2Fv2%2Ftags&post=4587"}],"curies":[{"name":"wp","href":"https:\/\/api.w.org\/{rel}","templated":true}]}}