{"id":4591,"date":"2026-04-29T06:33:33","date_gmt":"2026-04-29T09:33:33","guid":{"rendered":"https:\/\/vagas.portalemprego.com.br\/?p=4591"},"modified":"2026-04-29T06:33:33","modified_gmt":"2026-04-29T09:33:33","slug":"auxiliar-servicos-gerais-servicos-gerais-niteroi","status":"publish","type":"post","link":"https:\/\/vagas.portalemprego.com.br\/?p=4591","title":{"rendered":"AUXILIAR SERVI\u00c7OS GERAIS &#8211; Servi\u00e7os Gerais &#8211; Niter\u00f3i"},"content":{"rendered":"<p>RESPONSABILIDADES E ATRIBUI\u00c7\u00d5ES<br \/>\nEfetuar a limpeza, higieniza\u00e7\u00e3o e conserva\u00e7\u00e3o de utens\u00edlios, m\u00f3veis, m\u00e1quinas e equipamentos em geral, conforme Protocolos operacionais padr\u00e3o (POP) estabelecidos;<br \/>\nConferir carrinho de materiais, verificando produtos e utens\u00edlios a serem utilizados nas tarefas;<br \/>\nFazer limpeza das \u00e1reas de recep\u00e7\u00e3o, banheiros, paredes, pisos, teto, lixeiras, escadas e outras;<br \/>\nReabastecer recipientes com \u00e1lcool gel, sabonete, papel toalha, papel higi\u00eanico, realizando a marca\u00e7\u00e3o de data de reposi\u00e7\u00e3o, validade e o respons\u00e1vel;<br \/>\nRealizar lavagem do expurgo, deixando o ambiente limpo, organizado e higienizado;<br \/>\nExecutar o tratamento, sele\u00e7\u00e3o e descarte dos res\u00edduos de materiais provenientes do seu local de trabalho;<br \/>\nConhecer, administrar e fazer uso adequado dos produtos de limpeza, seguindo os POP\u2019s;<br \/>\nControlar estoque e informar a necessidade de reposi\u00e7\u00e3o aos supervisores;<br \/>\nOrganizar o material de limpeza, facilitando o controle e armazenamento dos itens;<br \/>\nCuidar do material de trabalho, zelando pela conserva\u00e7\u00e3o dos mesmos;<br \/>\nCumprir \u00e0s normas, procedimentos ou instru\u00e7\u00f5es de trabalho, conforme sua \u00e1rea de atua\u00e7\u00e3o, estabelecidos pela empresa ou legisla\u00e7\u00e3o em vigor. <\/p>\n<p>REQUISITOS E QUALIFICA\u00c7\u00d5ES<br \/>\nObrigat\u00f3rio:<br \/>\nEnsino Fundamental completo ou incompleto.<br \/>\nDesej\u00e1vel:<br \/>\nDesej\u00e1vel j\u00e1 ter tido alguma experi\u00eancia na \u00e1rea da limpeza.<\/p>\n<ul>\n<li>Local de trabalho: Niter\u00f3i, RJ<\/li>\n<li>Regime de contrata\u00e7\u00e3o de tipo: Efetivo \u2013 CLT<\/li>\n<li>Jornada: Per\u00edodo Integral<\/li>\n<li>\u00c1rea e especializa\u00e7\u00e3o profissional: Servi\u00e7os Gerais &#8211; Limpeza<\/li>\n<li>N\u00edvel hier\u00e1rquico: Auxiliar<\/li>\n<\/ul>\n<p>Escolaridade M\u00ednima: Ensino Fundamental (1\u00ba grau)<\/p>\n<ul>\n<li>Vale Alimenta\u00e7\u00e3o<\/li>\n<li>Seguro de Vida<\/li>\n<li>Conv\u00eanio com Farm\u00e1cia<\/li>\n<li>Aux\u00edlio Creche<\/li>\n<li>Totalpass<\/li>\n<li>Assist\u00eancia Odontol\u00f3gica<\/li>\n<li>Interclube (programa de descontos)<\/li>\n<li>Assist\u00eancia M\u00e9dica<\/li>\n<li>Vale Transporte<\/li>\n<\/ul>\n","protected":false},"excerpt":{"rendered":"<p>RESPONSABILIDADES E ATRIBUI\u00c7\u00d5ES Efetuar a limpeza, higieniza\u00e7\u00e3o e conserva\u00e7\u00e3o de utens\u00edlios, m\u00f3veis, m\u00e1quinas e equipamentos em geral, conforme Protocolos operacionais padr\u00e3o (POP) estabelecidos; Conferir carrinho de materiais, verificando produtos e utens\u00edlios a serem utilizados nas tarefas; Fazer limpeza das \u00e1reas de recep\u00e7\u00e3o, banheiros, paredes, pisos, teto, lixeiras, escadas e outras; Reabastecer recipientes com \u00e1lcool gel, [&hellip;]<\/p>\n","protected":false},"author":1,"featured_media":0,"comment_status":"open","ping_status":"open","sticky":false,"template":"","format":"standard","meta":{"footnotes":""},"categories":[21],"tags":[],"class_list":["post-4591","post","type-post","status-publish","format-standard","hentry","category-rio-de-janeiro-rj"],"_links":{"self":[{"href":"https:\/\/vagas.portalemprego.com.br\/index.php?rest_route=\/wp\/v2\/posts\/4591","targetHints":{"allow":["GET"]}}],"collection":[{"href":"https:\/\/vagas.portalemprego.com.br\/index.php?rest_route=\/wp\/v2\/posts"}],"about":[{"href":"https:\/\/vagas.portalemprego.com.br\/index.php?rest_route=\/wp\/v2\/types\/post"}],"author":[{"embeddable":true,"href":"https:\/\/vagas.portalemprego.com.br\/index.php?rest_route=\/wp\/v2\/users\/1"}],"replies":[{"embeddable":true,"href":"https:\/\/vagas.portalemprego.com.br\/index.php?rest_route=%2Fwp%2Fv2%2Fcomments&post=4591"}],"version-history":[{"count":0,"href":"https:\/\/vagas.portalemprego.com.br\/index.php?rest_route=\/wp\/v2\/posts\/4591\/revisions"}],"wp:attachment":[{"href":"https:\/\/vagas.portalemprego.com.br\/index.php?rest_route=%2Fwp%2Fv2%2Fmedia&parent=4591"}],"wp:term":[{"taxonomy":"category","embeddable":true,"href":"https:\/\/vagas.portalemprego.com.br\/index.php?rest_route=%2Fwp%2Fv2%2Fcategories&post=4591"},{"taxonomy":"post_tag","embeddable":true,"href":"https:\/\/vagas.portalemprego.com.br\/index.php?rest_route=%2Fwp%2Fv2%2Ftags&post=4591"}],"curies":[{"name":"wp","href":"https:\/\/api.w.org\/{rel}","templated":true}]}}