{"id":4601,"date":"2026-04-29T06:33:33","date_gmt":"2026-04-29T09:33:33","guid":{"rendered":"https:\/\/vagas.portalemprego.com.br\/?p=4601"},"modified":"2026-04-29T06:33:33","modified_gmt":"2026-04-29T09:33:33","slug":"assistente-administrativo-seminovos-macae-rj-administracao-macae","status":"publish","type":"post","link":"https:\/\/vagas.portalemprego.com.br\/?p=4601","title":{"rendered":"ASSISTENTE ADMINISTRATIVO SEMINOVOS | MACA\u00c9\/RJ &#8211; Administra\u00e7\u00e3o &#8211; Maca\u00e9"},"content":{"rendered":"<p>LOCALIZA&amp;CO<br \/>\nEstar em constante evolu\u00e7\u00e3o nos trouxe at\u00e9 aqui. Ao lado de talentos e habilidades m\u00faltiplas nos conectamos em busca da nossa motiva\u00e7\u00e3o: construir o futuro da mobilidade sustent\u00e1vel. \u00c9 por meio da valoriza\u00e7\u00e3o da individualidade de cada um que impulsionamos o nosso movimento para conquistar resultados extraordin\u00e1rios, desenvolver nossas opera\u00e7\u00f5es e criar solu\u00e7\u00f5es para os nossos clientes.Somos apaixonados por nossa hist\u00f3ria, por nossas ideias e pela capacidade de realiz\u00e1-las. Sabemos que juntos, todos vamos mais longe. \u00c9 assim que conectamos a Localiza&amp;Co com o futuro.<\/p>\n<p>O QUE VOC\u00ca IR\u00c1 FAZER COMO ASSISTENTE ADMINISTRATIVO SEMINOVOS<br \/>\n\u2022 Faturamento de vendas;<br \/>\n\u2022 Controle de documentos;<br \/>\n\u2022 Gest\u00e3o de pagamentos e recebimentos;<br \/>\n\u2022 Compra e controle de estoque de materiais;<br \/>\n\u2022 Servi\u00e7os de Correio e banco;<br \/>\n\u2022 Regulariza\u00e7\u00e3o da frota;<br \/>\n\u2022 Envio e recebimento de malotes;<br \/>\n\u2022 Solicita\u00e7\u00f5es de cancelamento de venda;<br \/>\n\u2022 Atividades administrativas em geral.<\/p>\n<p>O QUE PRECISAMOS<br \/>\n\u2022 Ensino Ensino M\u00e9dio Completo &#8211; Superior em curso ou completo, ser\u00e1 considerado um diferencial;<br \/>\n\u2022 Pacote office;<br \/>\n\u2022 Boa comunica\u00e7\u00e3o verbal e escrita;<br \/>\n\u2022 Dinamismo e proatividade;<br \/>\n\u2022 Disponibilidade para trabalhar aos finais de semana;<br \/>\n\u2022 Experi\u00eancia com atividades administrativa.<\/p>\n<p>BENEF\u00cdCIOS DESSA POSI\u00c7\u00c3O<br \/>\n\u2022 Participa\u00e7\u00e3o nos Lucros<br \/>\n\u2022 Vale Alimenta\u00e7\u00e3o<br \/>\n\u2022 Vale Refei\u00e7\u00e3o<br \/>\n\u2022 Conv\u00eanio M\u00e9dico<br \/>\n\u2022 Gympass<br \/>\n\u2022 Previd\u00eancia Privada<br \/>\n\u2022 Vale Transporte<br \/>\n\u2022 Allya<br \/>\n\u2022 Acesso ilimitado a diversos cursos da nossa Universidade Localiza<br \/>\n\u2022 Programas internos de treinamento e desenvolvimento<br \/>\n\u2022 Desconto em compra e aluguel de ve\u00edculos<\/p>\n<p>Viva a experi\u00eancia de ser Localiza&amp;Co e venha construir o futuro da mobilidade com a gente!<\/p>\n<ul>\n<li>Local de trabalho: Maca\u00e9, RJ<\/li>\n<li>Regime de contrata\u00e7\u00e3o de tipo: Efetivo \u2013 CLT<\/li>\n<li>Jornada: Per\u00edodo Integral<\/li>\n<li>\u00c1rea e especializa\u00e7\u00e3o profissional: Administra\u00e7\u00e3o &#8211; Administra\u00e7\u00e3o Geral<\/li>\n<li>N\u00edvel hier\u00e1rquico: Assistente<\/li>\n<\/ul>\n<p>Escolaridade M\u00ednima: Ensino M\u00e9dio (2\u00ba Grau)<\/p>\n<p>Forma\u00e7\u00e3o desejada:<\/p>\n<ul>\n<li>Ensino M\u00e9dio (2\u00ba Grau)<\/li>\n<\/ul>\n<p>Sal\u00e1rio: 2689,56<\/p>\n","protected":false},"excerpt":{"rendered":"<p>LOCALIZA&amp;CO Estar em constante evolu\u00e7\u00e3o nos trouxe at\u00e9 aqui. Ao lado de talentos e habilidades m\u00faltiplas nos conectamos em busca da nossa motiva\u00e7\u00e3o: construir o futuro da mobilidade sustent\u00e1vel. \u00c9 por meio da valoriza\u00e7\u00e3o da individualidade de cada um que impulsionamos o nosso movimento para conquistar resultados extraordin\u00e1rios, desenvolver nossas opera\u00e7\u00f5es e criar solu\u00e7\u00f5es para [&hellip;]<\/p>\n","protected":false},"author":1,"featured_media":0,"comment_status":"open","ping_status":"open","sticky":false,"template":"","format":"standard","meta":{"footnotes":""},"categories":[21],"tags":[],"class_list":["post-4601","post","type-post","status-publish","format-standard","hentry","category-rio-de-janeiro-rj"],"_links":{"self":[{"href":"https:\/\/vagas.portalemprego.com.br\/index.php?rest_route=\/wp\/v2\/posts\/4601","targetHints":{"allow":["GET"]}}],"collection":[{"href":"https:\/\/vagas.portalemprego.com.br\/index.php?rest_route=\/wp\/v2\/posts"}],"about":[{"href":"https:\/\/vagas.portalemprego.com.br\/index.php?rest_route=\/wp\/v2\/types\/post"}],"author":[{"embeddable":true,"href":"https:\/\/vagas.portalemprego.com.br\/index.php?rest_route=\/wp\/v2\/users\/1"}],"replies":[{"embeddable":true,"href":"https:\/\/vagas.portalemprego.com.br\/index.php?rest_route=%2Fwp%2Fv2%2Fcomments&post=4601"}],"version-history":[{"count":0,"href":"https:\/\/vagas.portalemprego.com.br\/index.php?rest_route=\/wp\/v2\/posts\/4601\/revisions"}],"wp:attachment":[{"href":"https:\/\/vagas.portalemprego.com.br\/index.php?rest_route=%2Fwp%2Fv2%2Fmedia&parent=4601"}],"wp:term":[{"taxonomy":"category","embeddable":true,"href":"https:\/\/vagas.portalemprego.com.br\/index.php?rest_route=%2Fwp%2Fv2%2Fcategories&post=4601"},{"taxonomy":"post_tag","embeddable":true,"href":"https:\/\/vagas.portalemprego.com.br\/index.php?rest_route=%2Fwp%2Fv2%2Ftags&post=4601"}],"curies":[{"name":"wp","href":"https:\/\/api.w.org\/{rel}","templated":true}]}}