{"id":4730,"date":"2026-04-29T06:01:01","date_gmt":"2026-04-29T09:01:01","guid":{"rendered":"https:\/\/vagas.portalemprego.com.br\/?p=4730"},"modified":"2026-04-29T06:01:01","modified_gmt":"2026-04-29T09:01:01","slug":"gerente-sao-goncalo-comercial-vendas-sao-goncalo","status":"publish","type":"post","link":"https:\/\/vagas.portalemprego.com.br\/?p=4730","title":{"rendered":"GERENTE &#8211; S\u00c3O GON\u00c7ALO &#8211; Comercial, Vendas &#8211; S\u00e3o Gon\u00e7alo"},"content":{"rendered":"<p>Estamos em busca de um Gerente para se juntar ao nosso time em S\u00e3o Gon\u00e7alo. Este \u00e9 um papel crucial que exige lideran\u00e7a, foco em resultados, organiza\u00e7\u00e3o e excelente comunica\u00e7\u00e3o. Como Gerente, voc\u00ea ser\u00e1 respons\u00e1vel por liderar uma equipe dedicada, estabelecer metas claras e garantir que elas sejam atingidas. Sua capacidade de inspirar e motivar sua equipe ser\u00e1 fundamental para o sucesso da equipe e do neg\u00f3cio.<br \/>\nVoc\u00ea dever\u00e1 gerenciar projetos complexos, alocando recursos de forma eficiente e monitorando o progresso para garantir que os prazos sejam cumpridos.Sua habilidade em comunica\u00e7\u00e3o ser\u00e1 essencial para garantir que todas as partes estejam alinhadas e informadas sobre os objetivos e resultados.A organiza\u00e7\u00e3o precisa de algu\u00e9m que possa priorizar tarefas, gerenciar o tempo e garantir que tudo funcione sem problemas.<br \/>\nA posi\u00e7\u00e3o exige algu\u00e9m que n\u00e3o apenas execute tarefas, mas que tamb\u00e9m pense estrategicamente sobre como melhorar processos e alcan\u00e7ar resultados excepcionais.Voc\u00ea dever\u00e1 analisar dados, identificar \u00e1reas de melhoria e implementar mudan\u00e7as que impulsionem o desempenho da equipe e do neg\u00f3cio.<br \/>\nSe voc\u00ea \u00e9 um l\u00edder nato com um foco inabal\u00e1vel em resultados e uma abordagem meticulosa para gerenciar projetos e equipes, esta oportunidade \u00e9 para voc\u00ea.Junte-se a n\u00f3s e fa\u00e7a uma diferen\u00e7a significativa no sucesso da nossa equipe em S\u00e3o Gon\u00e7alo.<\/p>\n<ul>\n<li>Local de trabalho: S\u00e3o Gon\u00e7alo, RJ<\/li>\n<li>Regime de contrata\u00e7\u00e3o de tipo: Efetivo \u2013 CLT<\/li>\n<li>Jornada: Per\u00edodo Integral<\/li>\n<li>\u00c1rea e especializa\u00e7\u00e3o profissional: Comercial, Vendas &#8211; Lojas \/ Shopping<\/li>\n<li>N\u00edvel hier\u00e1rquico: Gerente<\/li>\n<\/ul>\n<p>HABILIDADES<\/p>\n<ul>\n<li>LIDERAN\u00c7A<\/li>\n<li>FOCO EM RESULTADOS<\/li>\n<li>ORGANIZA\u00c7\u00c3O<\/li>\n<li>COMUNICA\u00c7\u00c3O<\/li>\n<\/ul>\n<p>Escolaridade M\u00ednima: Ensino Superior<\/p>\n<ul>\n<li>Vale lanche nos finais de semana<\/li>\n<li>desconto em faculdade<\/li>\n<\/ul>\n<p>Sal\u00e1rio: 4000,0<\/p>\n","protected":false},"excerpt":{"rendered":"<p>Estamos em busca de um Gerente para se juntar ao nosso time em S\u00e3o Gon\u00e7alo. Este \u00e9 um papel crucial que exige lideran\u00e7a, foco em resultados, organiza\u00e7\u00e3o e excelente comunica\u00e7\u00e3o. Como Gerente, voc\u00ea ser\u00e1 respons\u00e1vel por liderar uma equipe dedicada, estabelecer metas claras e garantir que elas sejam atingidas. Sua capacidade de inspirar e motivar [&hellip;]<\/p>\n","protected":false},"author":1,"featured_media":0,"comment_status":"open","ping_status":"open","sticky":false,"template":"","format":"standard","meta":{"footnotes":""},"categories":[21],"tags":[],"class_list":["post-4730","post","type-post","status-publish","format-standard","hentry","category-rio-de-janeiro-rj"],"_links":{"self":[{"href":"https:\/\/vagas.portalemprego.com.br\/index.php?rest_route=\/wp\/v2\/posts\/4730","targetHints":{"allow":["GET"]}}],"collection":[{"href":"https:\/\/vagas.portalemprego.com.br\/index.php?rest_route=\/wp\/v2\/posts"}],"about":[{"href":"https:\/\/vagas.portalemprego.com.br\/index.php?rest_route=\/wp\/v2\/types\/post"}],"author":[{"embeddable":true,"href":"https:\/\/vagas.portalemprego.com.br\/index.php?rest_route=\/wp\/v2\/users\/1"}],"replies":[{"embeddable":true,"href":"https:\/\/vagas.portalemprego.com.br\/index.php?rest_route=%2Fwp%2Fv2%2Fcomments&post=4730"}],"version-history":[{"count":0,"href":"https:\/\/vagas.portalemprego.com.br\/index.php?rest_route=\/wp\/v2\/posts\/4730\/revisions"}],"wp:attachment":[{"href":"https:\/\/vagas.portalemprego.com.br\/index.php?rest_route=%2Fwp%2Fv2%2Fmedia&parent=4730"}],"wp:term":[{"taxonomy":"category","embeddable":true,"href":"https:\/\/vagas.portalemprego.com.br\/index.php?rest_route=%2Fwp%2Fv2%2Fcategories&post=4730"},{"taxonomy":"post_tag","embeddable":true,"href":"https:\/\/vagas.portalemprego.com.br\/index.php?rest_route=%2Fwp%2Fv2%2Ftags&post=4730"}],"curies":[{"name":"wp","href":"https:\/\/api.w.org\/{rel}","templated":true}]}}