{"id":4731,"date":"2026-04-29T06:01:01","date_gmt":"2026-04-29T09:01:01","guid":{"rendered":"https:\/\/vagas.portalemprego.com.br\/?p=4731"},"modified":"2026-04-29T06:01:01","modified_gmt":"2026-04-29T09:01:01","slug":"subgerente-sao-goncalo-comercial-vendas-sao-goncalo","status":"publish","type":"post","link":"https:\/\/vagas.portalemprego.com.br\/?p=4731","title":{"rendered":"SUBGERENTE &#8211; S\u00c3O GON\u00c7ALO &#8211; Comercial, Vendas &#8211; S\u00e3o Gon\u00e7alo"},"content":{"rendered":"<p>Estamos em busca de um L\u00edder de Loja com experi\u00eancia comprovada em gest\u00e3o de equipes e resultados s\u00f3lidos em vendas.<br \/>\nBuscamos algu\u00e9m que n\u00e3o apenas lidere, mas que inspire e mobilize sua equipe para atingir metas desafiadoras.<br \/>\nO candidato ideal deve demonstrar foco em resultados, utilizando sua vis\u00e3o estrat\u00e9gica para orientar a equipe e o neg\u00f3cio em dire\u00e7\u00e3o ao sucesso.<\/p>\n<p>Voc\u00ea deve ter habilidades de comunica\u00e7\u00e3o eficaz, capaz de transmitir claramente objetivos e expectativas, e de ouvir e entender as necessidades da equipe.<br \/>\nSua capacidade de planejamento e organiza\u00e7\u00e3o \u00e9 fundamental para garantir que todas as opera\u00e7\u00f5es di\u00e1rias funcionem sem problemas, e que as estrat\u00e9gias de longo prazo sejam implementadas com precis\u00e3o.<\/p>\n<p>O relacionamento interpessoal \u00e9 uma habilidade crucial para este cargo.<br \/>\nVoc\u00ea deve ser capaz de criar um ambiente de trabalho positivo e colaborativo, onde cada membro da equipe se sinta valorizado e motivado.<br \/>\nLideran\u00e7a n\u00e3o \u00e9 apenas sobre dar ordens, mas sobre guiar, ensinar e desenvolver as habilidades dos outros.<\/p>\n<p>Se voc\u00ea tem uma paix\u00e3o por liderar equipes e um hist\u00f3rico de sucesso em aumentar as vendas e melhorar a efici\u00eancia operacional, esta oportunidade \u00e9 para voc\u00ea.<br \/>\nJunte-se \u00e0 nossa equipe e fa\u00e7a uma diferen\u00e7a significativa no desempenho da nossa loja.<\/p>\n<ul>\n<li>Local de trabalho: S\u00e3o Gon\u00e7alo, RJ<\/li>\n<li>Regime de contrata\u00e7\u00e3o de tipo: Efetivo \u2013 CLT<\/li>\n<li>Jornada: Parcial tardes<\/li>\n<li>\u00c1rea e especializa\u00e7\u00e3o profissional: Comercial, Vendas &#8211; Lojas \/ Shopping<\/li>\n<li>N\u00edvel hier\u00e1rquico: Gerente<\/li>\n<\/ul>\n<p>VALORIZADO<\/p>\n<p>Tempo de experi\u00eancia: Entre 1 e 3 anos<\/p>\n<p>HABILIDADES<\/p>\n<ul>\n<li>lideran\u00e7a<\/li>\n<li>foco em resultados<\/li>\n<li>comunica\u00e7\u00e3o eficaz<\/li>\n<li>planejamento e organiza\u00e7\u00e3o<\/li>\n<li>relacionamento interpessoal<\/li>\n<li>vis\u00e3o estrat\u00e9gica<\/li>\n<\/ul>\n<p>Escolaridade M\u00ednima: Ensino M\u00e9dio (2\u00ba Grau)<\/p>\n<ul>\n<li>desconto em faculdade<\/li>\n<li>premia\u00e7\u00e3o<\/li>\n<li>vale lanche<\/li>\n<\/ul>\n<p>Sal\u00e1rio: 2840,0<\/p>\n","protected":false},"excerpt":{"rendered":"<p>Estamos em busca de um L\u00edder de Loja com experi\u00eancia comprovada em gest\u00e3o de equipes e resultados s\u00f3lidos em vendas. Buscamos algu\u00e9m que n\u00e3o apenas lidere, mas que inspire e mobilize sua equipe para atingir metas desafiadoras. O candidato ideal deve demonstrar foco em resultados, utilizando sua vis\u00e3o estrat\u00e9gica para orientar a equipe e o [&hellip;]<\/p>\n","protected":false},"author":1,"featured_media":0,"comment_status":"open","ping_status":"open","sticky":false,"template":"","format":"standard","meta":{"footnotes":""},"categories":[21],"tags":[],"class_list":["post-4731","post","type-post","status-publish","format-standard","hentry","category-rio-de-janeiro-rj"],"_links":{"self":[{"href":"https:\/\/vagas.portalemprego.com.br\/index.php?rest_route=\/wp\/v2\/posts\/4731","targetHints":{"allow":["GET"]}}],"collection":[{"href":"https:\/\/vagas.portalemprego.com.br\/index.php?rest_route=\/wp\/v2\/posts"}],"about":[{"href":"https:\/\/vagas.portalemprego.com.br\/index.php?rest_route=\/wp\/v2\/types\/post"}],"author":[{"embeddable":true,"href":"https:\/\/vagas.portalemprego.com.br\/index.php?rest_route=\/wp\/v2\/users\/1"}],"replies":[{"embeddable":true,"href":"https:\/\/vagas.portalemprego.com.br\/index.php?rest_route=%2Fwp%2Fv2%2Fcomments&post=4731"}],"version-history":[{"count":0,"href":"https:\/\/vagas.portalemprego.com.br\/index.php?rest_route=\/wp\/v2\/posts\/4731\/revisions"}],"wp:attachment":[{"href":"https:\/\/vagas.portalemprego.com.br\/index.php?rest_route=%2Fwp%2Fv2%2Fmedia&parent=4731"}],"wp:term":[{"taxonomy":"category","embeddable":true,"href":"https:\/\/vagas.portalemprego.com.br\/index.php?rest_route=%2Fwp%2Fv2%2Fcategories&post=4731"},{"taxonomy":"post_tag","embeddable":true,"href":"https:\/\/vagas.portalemprego.com.br\/index.php?rest_route=%2Fwp%2Fv2%2Ftags&post=4731"}],"curies":[{"name":"wp","href":"https:\/\/api.w.org\/{rel}","templated":true}]}}