{"id":4732,"date":"2026-04-29T06:01:01","date_gmt":"2026-04-29T09:01:01","guid":{"rendered":"https:\/\/vagas.portalemprego.com.br\/?p=4732"},"modified":"2026-04-29T06:01:01","modified_gmt":"2026-04-29T09:01:01","slug":"encarregado-de-logistica-logistica-duque-de-caxias","status":"publish","type":"post","link":"https:\/\/vagas.portalemprego.com.br\/?p=4732","title":{"rendered":"Encarregado de Log\u00edstica &#8211; Log\u00edstica &#8211; Duque de Caxias"},"content":{"rendered":"<p>Atividades:<br \/>\nLiderar equipe de aproximadamente 12 colaboradores;<br \/>\nCumprir as metas operacionais estabelecidas;<br \/>\nGarantir a entrega das rotas dentro do hor\u00e1rio de carregamento;<br \/>\nMotivar e engajar o time no dia a dia da opera\u00e7\u00e3o;<br \/>\nApoiar controles operacionais com no\u00e7\u00f5es b\u00e1sicas de inform\u00e1tica.<br \/>\nBenef\u00edcios:<br \/>\nPlano de sa\u00fade<br \/>\nPlano odontol\u00f3gico<br \/>\nAlimenta\u00e7\u00e3o no local<\/p>\n<ul>\n<li>Local de trabalho: Duque de Caxias, RJ<\/li>\n<li>Regime de contrata\u00e7\u00e3o de tipo: Tempor\u00e1rio<\/li>\n<li>Jornada: Parcial noites<\/li>\n<li>\u00c1rea e especializa\u00e7\u00e3o profissional: Log\u00edstica &#8211; Log\u00edstica<\/li>\n<li>N\u00edvel hier\u00e1rquico: Encarregado<\/li>\n<\/ul>\n<p>Escolaridade M\u00ednima: Ensino M\u00e9dio (2\u00ba Grau)<\/p>\n<p>Forma\u00e7\u00e3o desejada:<\/p>\n<ul>\n<li>Log\u00edstica, Curso T\u00e9cnico<\/li>\n<\/ul>\n<p>Sal\u00e1rio: 31000,0<\/p>\n","protected":false},"excerpt":{"rendered":"<p>Atividades: Liderar equipe de aproximadamente 12 colaboradores; Cumprir as metas operacionais estabelecidas; Garantir a entrega das rotas dentro do hor\u00e1rio de carregamento; Motivar e engajar o time no dia a dia da opera\u00e7\u00e3o; Apoiar controles operacionais com no\u00e7\u00f5es b\u00e1sicas de inform\u00e1tica. Benef\u00edcios: Plano de sa\u00fade Plano odontol\u00f3gico Alimenta\u00e7\u00e3o no local Local de trabalho: Duque de [&hellip;]<\/p>\n","protected":false},"author":1,"featured_media":0,"comment_status":"open","ping_status":"open","sticky":false,"template":"","format":"standard","meta":{"footnotes":""},"categories":[21],"tags":[],"class_list":["post-4732","post","type-post","status-publish","format-standard","hentry","category-rio-de-janeiro-rj"],"_links":{"self":[{"href":"https:\/\/vagas.portalemprego.com.br\/index.php?rest_route=\/wp\/v2\/posts\/4732","targetHints":{"allow":["GET"]}}],"collection":[{"href":"https:\/\/vagas.portalemprego.com.br\/index.php?rest_route=\/wp\/v2\/posts"}],"about":[{"href":"https:\/\/vagas.portalemprego.com.br\/index.php?rest_route=\/wp\/v2\/types\/post"}],"author":[{"embeddable":true,"href":"https:\/\/vagas.portalemprego.com.br\/index.php?rest_route=\/wp\/v2\/users\/1"}],"replies":[{"embeddable":true,"href":"https:\/\/vagas.portalemprego.com.br\/index.php?rest_route=%2Fwp%2Fv2%2Fcomments&post=4732"}],"version-history":[{"count":0,"href":"https:\/\/vagas.portalemprego.com.br\/index.php?rest_route=\/wp\/v2\/posts\/4732\/revisions"}],"wp:attachment":[{"href":"https:\/\/vagas.portalemprego.com.br\/index.php?rest_route=%2Fwp%2Fv2%2Fmedia&parent=4732"}],"wp:term":[{"taxonomy":"category","embeddable":true,"href":"https:\/\/vagas.portalemprego.com.br\/index.php?rest_route=%2Fwp%2Fv2%2Fcategories&post=4732"},{"taxonomy":"post_tag","embeddable":true,"href":"https:\/\/vagas.portalemprego.com.br\/index.php?rest_route=%2Fwp%2Fv2%2Ftags&post=4732"}],"curies":[{"name":"wp","href":"https:\/\/api.w.org\/{rel}","templated":true}]}}