{"id":4734,"date":"2026-04-29T06:01:01","date_gmt":"2026-04-29T09:01:01","guid":{"rendered":"https:\/\/vagas.portalemprego.com.br\/?p=4734"},"modified":"2026-04-29T06:01:01","modified_gmt":"2026-04-29T09:01:01","slug":"farmaceutico-saude-rio-de-janeiro","status":"publish","type":"post","link":"https:\/\/vagas.portalemprego.com.br\/?p=4734","title":{"rendered":"Farmac\u00eautico &#8211; Sa\u00fade &#8211; Rio de Janeiro"},"content":{"rendered":"<p>A Farm\u00e1cia Anal\u00edtica \u00e9 refer\u00eancia em manipula\u00e7\u00e3o farmac\u00eautica, unindo excel\u00eancia t\u00e9cnica, inova\u00e7\u00e3o e compromisso com a sa\u00fade. Nosso prop\u00f3sito \u00e9 oferecer solu\u00e7\u00f5es personalizadas que elevam a experi\u00eancia de prescritores e pacientes, sempre com rigor, qualidade e responsabilidade.<br \/>\nBuscamos um(a) Farmac\u00eautico(a) para atuar de forma estrat\u00e9gica e operacional, garantindo a conformidade t\u00e9cnica e regulat\u00f3ria da loja e dos laborat\u00f3rios, apoiando a equipe e assegurando o cumprimento dos padr\u00f5es de qualidade e seguran\u00e7a em todos os processos.<br \/>\nResponsabilidades:<br \/>\nGarantir o cumprimento das normas t\u00e9cnicas, regulat\u00f3rias e internas da empresa;<br \/>\nSupervisionar as rotinas da loja e dos laborat\u00f3rios, orientando a equipe e apoiando a solu\u00e7\u00e3o de intercorr\u00eancias;<br \/>\nAcompanhar e sugerir atualiza\u00e7\u00f5es de POPs, instru\u00e7\u00f5es de trabalho e registros regulat\u00f3rios;<br \/>\nRealizar treinamentos t\u00e9cnicos, reciclagens de POPs e ambienta\u00e7\u00e3o de novos colaboradores;<br \/>\nExecutar confer\u00eancias t\u00e9cnicas de prescri\u00e7\u00f5es, avaliando viabilidade, insumos e embalagens;<br \/>\nAcompanhar checklists, autoinspe\u00e7\u00f5es e a\u00e7\u00f5es corretivas junto \u00e0 Garantia da Qualidade;<br \/>\nEmitir e acompanhar relat\u00f3rios t\u00e9cnicos e gerenciais;<br \/>\nPrestar suporte t\u00e9cnico \u00e0 loja, central de vendas, visita\u00e7\u00e3o m\u00e9dica e marketing;<br \/>\nAtuar no relacionamento t\u00e9cnico com prescritores e apoiar a\u00e7\u00f5es externas quando necess\u00e1rio;<br \/>\nGarantir a organiza\u00e7\u00e3o, seguran\u00e7a e uso correto de EPIs e EPCs;<br \/>\nRequisitos:<br \/>\nGradua\u00e7\u00e3o completa em Farm\u00e1cia, com CRF ativo;<br \/>\nExperi\u00eancia pr\u00e9via em farm\u00e1cia de manipula\u00e7\u00e3o;<br \/>\nConhecimento em RDC 67\/2007 e rotinas regulat\u00f3rias;<br \/>\nFamiliaridade com sistemas ser\u00e1 um diferencial;<br \/>\nPerfil t\u00e9cnico, organizado, com boa comunica\u00e7\u00e3o, senso de lideran\u00e7a e responsabilidade.<br \/>\nHor\u00e1rio de trabalho:<br \/>\nTer\u00e7a-feira a sexta-feira, de 10h \u00e0s 21h;<br \/>\nS\u00e1bados intercalados (ap\u00f3s os primeiros 3 meses), de 09h \u00e0s 13h.<br \/>\nOferecemos:<br \/>\nTreinamento t\u00e9cnico cont\u00ednuo;<br \/>\nAmbiente estruturado, seguro e orientado \u00e0 qualidade;<br \/>\nAcompanhamento pr\u00f3ximo da lideran\u00e7a t\u00e9cnica;<br \/>\nRemunera\u00e7\u00e3o compat\u00edvel com o mercado;<br \/>\nPremia\u00e7\u00e3o;<br \/>\nVale Refei\u00e7\u00e3o \/ Vale Alimenta\u00e7\u00e3o;<br \/>\nPlano Dental;<br \/>\nGympass.<\/p>\n<ul>\n<li>N\u00famero de vagas: 2<\/li>\n<li>Local de trabalho: Rio de Janeiro, RJ<\/li>\n<li>Regime de contrata\u00e7\u00e3o de tipo: Efetivo \u2013 CLT<\/li>\n<li>Jornada: Per\u00edodo Integral<\/li>\n<li>\u00c1rea e especializa\u00e7\u00e3o profissional: Sa\u00fade &#8211; Farm\u00e1cia<\/li>\n<li>N\u00edvel hier\u00e1rquico: Especialista<\/li>\n<\/ul>\n<p>VALORIZADO<\/p>\n<p>Tempo de experi\u00eancia: Entre 3 e 5 anos<\/p>\n<p>Escolaridade M\u00ednima: Ensino Superior<\/p>\n<p>Forma\u00e7\u00e3o desejada:<\/p>\n<ul>\n<li>Farm\u00e1cia e Bioqu\u00edmica, Ensino Superior<\/li>\n<\/ul>\n<ul>\n<li>Gympass<\/li>\n<li>Vale-alimenta\u00e7\u00e3o<\/li>\n<li>Plano Dental<\/li>\n<li>Telemedicina<\/li>\n<li>Vale-refei\u00e7\u00e3o<\/li>\n<\/ul>\n","protected":false},"excerpt":{"rendered":"<p>A Farm\u00e1cia Anal\u00edtica \u00e9 refer\u00eancia em manipula\u00e7\u00e3o farmac\u00eautica, unindo excel\u00eancia t\u00e9cnica, inova\u00e7\u00e3o e compromisso com a sa\u00fade. Nosso prop\u00f3sito \u00e9 oferecer solu\u00e7\u00f5es personalizadas que elevam a experi\u00eancia de prescritores e pacientes, sempre com rigor, qualidade e responsabilidade. Buscamos um(a) Farmac\u00eautico(a) para atuar de forma estrat\u00e9gica e operacional, garantindo a conformidade t\u00e9cnica e regulat\u00f3ria da loja [&hellip;]<\/p>\n","protected":false},"author":1,"featured_media":0,"comment_status":"open","ping_status":"open","sticky":false,"template":"","format":"standard","meta":{"footnotes":""},"categories":[21],"tags":[],"class_list":["post-4734","post","type-post","status-publish","format-standard","hentry","category-rio-de-janeiro-rj"],"_links":{"self":[{"href":"https:\/\/vagas.portalemprego.com.br\/index.php?rest_route=\/wp\/v2\/posts\/4734","targetHints":{"allow":["GET"]}}],"collection":[{"href":"https:\/\/vagas.portalemprego.com.br\/index.php?rest_route=\/wp\/v2\/posts"}],"about":[{"href":"https:\/\/vagas.portalemprego.com.br\/index.php?rest_route=\/wp\/v2\/types\/post"}],"author":[{"embeddable":true,"href":"https:\/\/vagas.portalemprego.com.br\/index.php?rest_route=\/wp\/v2\/users\/1"}],"replies":[{"embeddable":true,"href":"https:\/\/vagas.portalemprego.com.br\/index.php?rest_route=%2Fwp%2Fv2%2Fcomments&post=4734"}],"version-history":[{"count":0,"href":"https:\/\/vagas.portalemprego.com.br\/index.php?rest_route=\/wp\/v2\/posts\/4734\/revisions"}],"wp:attachment":[{"href":"https:\/\/vagas.portalemprego.com.br\/index.php?rest_route=%2Fwp%2Fv2%2Fmedia&parent=4734"}],"wp:term":[{"taxonomy":"category","embeddable":true,"href":"https:\/\/vagas.portalemprego.com.br\/index.php?rest_route=%2Fwp%2Fv2%2Fcategories&post=4734"},{"taxonomy":"post_tag","embeddable":true,"href":"https:\/\/vagas.portalemprego.com.br\/index.php?rest_route=%2Fwp%2Fv2%2Ftags&post=4734"}],"curies":[{"name":"wp","href":"https:\/\/api.w.org\/{rel}","templated":true}]}}