{"id":4735,"date":"2026-04-29T06:01:01","date_gmt":"2026-04-29T09:01:01","guid":{"rendered":"https:\/\/vagas.portalemprego.com.br\/?p=4735"},"modified":"2026-04-29T06:01:01","modified_gmt":"2026-04-29T09:01:01","slug":"vendedor-de-moveis-alto-padrao-comercial-vendas-rio-de-janeiro","status":"publish","type":"post","link":"https:\/\/vagas.portalemprego.com.br\/?p=4735","title":{"rendered":"Vendedor de M\u00f3veis (Alto Padr\u00e3o) &#8211; Comercial, Vendas &#8211; Rio de Janeiro"},"content":{"rendered":"<p>VAGA | VENDEDOR(A) DE M\u00d3VEIS \u2013 RESID\u00caNCIAS DE ALTO PADR\u00c3O (PJ)<br \/>\nEmpresa do segmento de mobili\u00e1rio de alto padr\u00e3o busca Vendedores(as) para atua\u00e7\u00e3o em lojas localizadas na Barra da Tijuca e Ipanema, com foco em atendimento consultivo, relacionamento e fechamento de projetos residenciais premium.<br \/>\nModelo de contrata\u00e7\u00e3o<br \/>\n\u2022 Pessoa Jur\u00eddica (PJ)<br \/>\n \u2022 Fixo: R$ 8.000,00<br \/>\n \u2022 Comiss\u00e3o atrativa sobre vendas<br \/>\n \u2022 Potencial de ganhos elevados conforme performance<br \/>\nPrincipais responsabilidades<br \/>\n\u2022 Atendimento consultivo a clientes de alto padr\u00e3o, compreendendo necessidades, estilo e or\u00e7amento<br \/>\n \u2022 Apresenta\u00e7\u00e3o t\u00e9cnica e comercial de m\u00f3veis sob medida e linhas premium<br \/>\n \u2022 Desenvolvimento e acompanhamento de propostas comerciais<br \/>\n \u2022 Interface com arquitetos, designers de interiores e especificadores<br \/>\n \u2022 Acompanhamento do cliente do primeiro contato ao p\u00f3s-venda<br \/>\n \u2022 Organiza\u00e7\u00e3o de agenda, follow-ups e gest\u00e3o do funil de vendas<br \/>\n \u2022 Atua\u00e7\u00e3o alinhada ao posicionamento da marca e padr\u00e3o de atendimento premium<br \/>\nRequisitos<br \/>\n\u2022 Experi\u00eancia comprovada em vendas de m\u00f3veis, decora\u00e7\u00e3o, arquitetura ou segmentos de alto padr\u00e3o<br \/>\n \u2022 Perfil comercial, consultivo e orientado a resultados<br \/>\n \u2022 Excelente comunica\u00e7\u00e3o, postura profissional e habilidade de negocia\u00e7\u00e3o<br \/>\n \u2022 Viv\u00eancia com atendimento a p\u00fablico exigente<br \/>\n \u2022 Organiza\u00e7\u00e3o e disciplina para atua\u00e7\u00e3o como PJ<br \/>\n \u2022 Disponibilidade para atuar presencialmente<br \/>\nDiferenciais<br \/>\n\u2022 Carteira ativa de arquitetos e designers<br \/>\n \u2022 Experi\u00eancia com projetos residenciais de m\u00e9dio e alto padr\u00e3o<br \/>\n \u2022 Conhecimento em leitura de projetos e plantas<br \/>\n \u2022 Viv\u00eancia com CRM ou controle de funil de vendas<br \/>\nLocais de atua\u00e7\u00e3o<br \/>\n?? Barra da Tijuca \u2013 RJ<br \/>\n ?? Ipanema \u2013 RJ<br \/>\nPerfil buscado<br \/>\nProfissional que valoriza excel\u00eancia no atendimento, gosta de relacionamento de longo prazo, tem olhar est\u00e9tico apurado e foco em convers\u00e3o, atuando de forma consultiva em vendas de alto valor agregado.<\/p>\n<ul>\n<li>Local de trabalho: Rio de Janeiro, RJ<\/li>\n<li>Regime de contrata\u00e7\u00e3o de tipo: Prestador de Servi\u00e7os (PJ)<\/li>\n<li>Jornada: Per\u00edodo Integral<\/li>\n<li>\u00c1rea e especializa\u00e7\u00e3o profissional: Comercial, Vendas &#8211; Venda T\u00e9cnica<\/li>\n<li>N\u00edvel hier\u00e1rquico: Especialista<\/li>\n<\/ul>\n<p>VALORIZADO<\/p>\n<p>Tempo de experi\u00eancia: Entre 1 e 3 anos<\/p>\n<p>Escolaridade M\u00ednima: Ensino Superior<\/p>\n","protected":false},"excerpt":{"rendered":"<p>VAGA | VENDEDOR(A) DE M\u00d3VEIS \u2013 RESID\u00caNCIAS DE ALTO PADR\u00c3O (PJ) Empresa do segmento de mobili\u00e1rio de alto padr\u00e3o busca Vendedores(as) para atua\u00e7\u00e3o em lojas localizadas na Barra da Tijuca e Ipanema, com foco em atendimento consultivo, relacionamento e fechamento de projetos residenciais premium. Modelo de contrata\u00e7\u00e3o \u2022 Pessoa Jur\u00eddica (PJ) \u2022 Fixo: R$ 8.000,00 [&hellip;]<\/p>\n","protected":false},"author":1,"featured_media":0,"comment_status":"open","ping_status":"open","sticky":false,"template":"","format":"standard","meta":{"footnotes":""},"categories":[21],"tags":[],"class_list":["post-4735","post","type-post","status-publish","format-standard","hentry","category-rio-de-janeiro-rj"],"_links":{"self":[{"href":"https:\/\/vagas.portalemprego.com.br\/index.php?rest_route=\/wp\/v2\/posts\/4735","targetHints":{"allow":["GET"]}}],"collection":[{"href":"https:\/\/vagas.portalemprego.com.br\/index.php?rest_route=\/wp\/v2\/posts"}],"about":[{"href":"https:\/\/vagas.portalemprego.com.br\/index.php?rest_route=\/wp\/v2\/types\/post"}],"author":[{"embeddable":true,"href":"https:\/\/vagas.portalemprego.com.br\/index.php?rest_route=\/wp\/v2\/users\/1"}],"replies":[{"embeddable":true,"href":"https:\/\/vagas.portalemprego.com.br\/index.php?rest_route=%2Fwp%2Fv2%2Fcomments&post=4735"}],"version-history":[{"count":0,"href":"https:\/\/vagas.portalemprego.com.br\/index.php?rest_route=\/wp\/v2\/posts\/4735\/revisions"}],"wp:attachment":[{"href":"https:\/\/vagas.portalemprego.com.br\/index.php?rest_route=%2Fwp%2Fv2%2Fmedia&parent=4735"}],"wp:term":[{"taxonomy":"category","embeddable":true,"href":"https:\/\/vagas.portalemprego.com.br\/index.php?rest_route=%2Fwp%2Fv2%2Fcategories&post=4735"},{"taxonomy":"post_tag","embeddable":true,"href":"https:\/\/vagas.portalemprego.com.br\/index.php?rest_route=%2Fwp%2Fv2%2Ftags&post=4735"}],"curies":[{"name":"wp","href":"https:\/\/api.w.org\/{rel}","templated":true}]}}