{"id":4736,"date":"2026-04-29T06:01:01","date_gmt":"2026-04-29T09:01:01","guid":{"rendered":"https:\/\/vagas.portalemprego.com.br\/?p=4736"},"modified":"2026-04-29T06:01:01","modified_gmt":"2026-04-29T09:01:01","slug":"vendedor-externo-comercial-vendas-rio-de-janeiro-4","status":"publish","type":"post","link":"https:\/\/vagas.portalemprego.com.br\/?p=4736","title":{"rendered":"Vendedor Externo &#8211; Comercial, Vendas &#8211; Rio de Janeiro"},"content":{"rendered":"<p>Como ser\u00e1 o seu dia a dia:<\/p>\n<p>\u00b7 Realizar o atendimento de leads recebidos pelas nossas plataformas de divulga\u00e7\u00e3o.<\/p>\n<p>\u00b7 Fazer a prospec\u00e7\u00e3o ativa de clientes, por meio de telefone, whatsapp, redes sociais e pontos f\u00edsicos estrat\u00e9gicos.<\/p>\n<p>\u00b7 Apresentar os produtos aos potenciais clientes presencial ou virtualmente.<\/p>\n<p>\u00b7 Entender o perfil dos clientes e fazer sugest\u00f5es de outros produtos que podem ser de seu interesse.<\/p>\n<p>\u00b7 Fazer o gerenciamento da sua carteira de clientes.<\/p>\n<p>\u00b7 Participar dos lan\u00e7amentos de empreendimentos.<\/p>\n<p>Quais ser\u00e3o os seus principais desafios? &#8211; Profissional Aut\u00f4nomo<\/p>\n<p>\u00b7 Ser dono do pr\u00f3prio neg\u00f3cio com flexibilidade e liberdade de hor\u00e1rios.<\/p>\n<p>\u00b7 Neg\u00f3cio simples, com possibilidade de ganhos imediatos.<\/p>\n<p>\u00b7 Independ\u00eancia financeira com atividades de renda extra ou principal.<\/p>\n<p>\u00b7 Oportunidade de realiza\u00e7\u00e3o pessoal com ganhos proporcionais ao esfor\u00e7o pessoal.<\/p>\n<p>\u00b7 Poder de ajudar a mudar a vida das pessoas atrav\u00e9s de um produto que vem de encontra a necessidade de moradia dos brasileiros.<\/p>\n<p>\u00b7 Credenciamento a uma empresa s\u00f3lida e em constante crescimento.<\/p>\n<ul>\n<li>N\u00famero de vagas: 30<\/li>\n<li>Local de trabalho: Rio de Janeiro, RJ<\/li>\n<li>Regime de contrata\u00e7\u00e3o de tipo: Prestador de Servi\u00e7os (PJ)<\/li>\n<li>Jornada: Per\u00edodo Integral<\/li>\n<li>\u00c1rea e especializa\u00e7\u00e3o profissional: Comercial, Vendas &#8211; Venda Externa<\/li>\n<li>N\u00edvel hier\u00e1rquico: Operacional<\/li>\n<\/ul>\n<p>VALORIZADO<\/p>\n<p>Tempo de experi\u00eancia: Sem experi\u00eancia<\/p>\n<p>Escolaridade M\u00ednima: Ensino M\u00e9dio (2\u00ba Grau)<\/p>\n","protected":false},"excerpt":{"rendered":"<p>Como ser\u00e1 o seu dia a dia: \u00b7 Realizar o atendimento de leads recebidos pelas nossas plataformas de divulga\u00e7\u00e3o. \u00b7 Fazer a prospec\u00e7\u00e3o ativa de clientes, por meio de telefone, whatsapp, redes sociais e pontos f\u00edsicos estrat\u00e9gicos. \u00b7 Apresentar os produtos aos potenciais clientes presencial ou virtualmente. \u00b7 Entender o perfil dos clientes e fazer [&hellip;]<\/p>\n","protected":false},"author":1,"featured_media":0,"comment_status":"open","ping_status":"open","sticky":false,"template":"","format":"standard","meta":{"footnotes":""},"categories":[21],"tags":[],"class_list":["post-4736","post","type-post","status-publish","format-standard","hentry","category-rio-de-janeiro-rj"],"_links":{"self":[{"href":"https:\/\/vagas.portalemprego.com.br\/index.php?rest_route=\/wp\/v2\/posts\/4736","targetHints":{"allow":["GET"]}}],"collection":[{"href":"https:\/\/vagas.portalemprego.com.br\/index.php?rest_route=\/wp\/v2\/posts"}],"about":[{"href":"https:\/\/vagas.portalemprego.com.br\/index.php?rest_route=\/wp\/v2\/types\/post"}],"author":[{"embeddable":true,"href":"https:\/\/vagas.portalemprego.com.br\/index.php?rest_route=\/wp\/v2\/users\/1"}],"replies":[{"embeddable":true,"href":"https:\/\/vagas.portalemprego.com.br\/index.php?rest_route=%2Fwp%2Fv2%2Fcomments&post=4736"}],"version-history":[{"count":0,"href":"https:\/\/vagas.portalemprego.com.br\/index.php?rest_route=\/wp\/v2\/posts\/4736\/revisions"}],"wp:attachment":[{"href":"https:\/\/vagas.portalemprego.com.br\/index.php?rest_route=%2Fwp%2Fv2%2Fmedia&parent=4736"}],"wp:term":[{"taxonomy":"category","embeddable":true,"href":"https:\/\/vagas.portalemprego.com.br\/index.php?rest_route=%2Fwp%2Fv2%2Fcategories&post=4736"},{"taxonomy":"post_tag","embeddable":true,"href":"https:\/\/vagas.portalemprego.com.br\/index.php?rest_route=%2Fwp%2Fv2%2Ftags&post=4736"}],"curies":[{"name":"wp","href":"https:\/\/api.w.org\/{rel}","templated":true}]}}