{"id":4737,"date":"2026-04-29T06:01:01","date_gmt":"2026-04-29T09:01:01","guid":{"rendered":"https:\/\/vagas.portalemprego.com.br\/?p=4737"},"modified":"2026-04-29T06:01:01","modified_gmt":"2026-04-29T09:01:01","slug":"especialista-em-venda-comercial-vendas-rio-de-janeiro-2","status":"publish","type":"post","link":"https:\/\/vagas.portalemprego.com.br\/?p=4737","title":{"rendered":"ESPECIALISTA EM VENDA &#8211; Comercial, Vendas &#8211; Rio de Janeiro"},"content":{"rendered":"<p>Prospectar clientes por meio de a\u00e7\u00f5es internas, externas e redes de contato;<br \/>\nRealizar o tratamento de leads, mantendo relacionamento ativo com potenciais compradores;<br \/>\nEntrar em contato com poss\u00edveis clientes via telefone, WhatsApp e outros canais de comunica\u00e7\u00e3o;<br \/>\nApresentar empreendimentos e esclarecer d\u00favidas sobre produtos, condi\u00e7\u00f5es comerciais e financiamento;<br \/>\nParticipar de a\u00e7\u00f5es comerciais e eventos de capta\u00e7\u00e3o e divulga\u00e7\u00e3o;<br \/>\nRealizar atendimentos presenciais e online, conduzindo o cliente em todas as etapas da venda;<br \/>\nAcompanhar o processo de venda at\u00e9 o fechamento e entrega da documenta\u00e7\u00e3o necess\u00e1ria;<br \/>\nManter registro atualizado das atividades e atendimentos no sistema interno.<\/p>\n<ul>\n<li>N\u00famero de vagas: 30<\/li>\n<li>Local de trabalho: Rio de Janeiro, RJ<\/li>\n<li>Regime de contrata\u00e7\u00e3o de tipo: Prestador de Servi\u00e7os (PJ)<\/li>\n<li>Jornada: Per\u00edodo Integral<\/li>\n<li>\u00c1rea e especializa\u00e7\u00e3o profissional: Comercial, Vendas &#8211; Venda Interna<\/li>\n<li>N\u00edvel hier\u00e1rquico: Operacional<\/li>\n<\/ul>\n<p>VALORIZADO<\/p>\n<p>Tempo de experi\u00eancia: Sem experi\u00eancia<\/p>\n<p>Escolaridade M\u00ednima: Ensino M\u00e9dio (2\u00ba Grau)<\/p>\n","protected":false},"excerpt":{"rendered":"<p>Prospectar clientes por meio de a\u00e7\u00f5es internas, externas e redes de contato; Realizar o tratamento de leads, mantendo relacionamento ativo com potenciais compradores; Entrar em contato com poss\u00edveis clientes via telefone, WhatsApp e outros canais de comunica\u00e7\u00e3o; Apresentar empreendimentos e esclarecer d\u00favidas sobre produtos, condi\u00e7\u00f5es comerciais e financiamento; Participar de a\u00e7\u00f5es comerciais e eventos de [&hellip;]<\/p>\n","protected":false},"author":1,"featured_media":0,"comment_status":"open","ping_status":"open","sticky":false,"template":"","format":"standard","meta":{"footnotes":""},"categories":[21],"tags":[],"class_list":["post-4737","post","type-post","status-publish","format-standard","hentry","category-rio-de-janeiro-rj"],"_links":{"self":[{"href":"https:\/\/vagas.portalemprego.com.br\/index.php?rest_route=\/wp\/v2\/posts\/4737","targetHints":{"allow":["GET"]}}],"collection":[{"href":"https:\/\/vagas.portalemprego.com.br\/index.php?rest_route=\/wp\/v2\/posts"}],"about":[{"href":"https:\/\/vagas.portalemprego.com.br\/index.php?rest_route=\/wp\/v2\/types\/post"}],"author":[{"embeddable":true,"href":"https:\/\/vagas.portalemprego.com.br\/index.php?rest_route=\/wp\/v2\/users\/1"}],"replies":[{"embeddable":true,"href":"https:\/\/vagas.portalemprego.com.br\/index.php?rest_route=%2Fwp%2Fv2%2Fcomments&post=4737"}],"version-history":[{"count":0,"href":"https:\/\/vagas.portalemprego.com.br\/index.php?rest_route=\/wp\/v2\/posts\/4737\/revisions"}],"wp:attachment":[{"href":"https:\/\/vagas.portalemprego.com.br\/index.php?rest_route=%2Fwp%2Fv2%2Fmedia&parent=4737"}],"wp:term":[{"taxonomy":"category","embeddable":true,"href":"https:\/\/vagas.portalemprego.com.br\/index.php?rest_route=%2Fwp%2Fv2%2Fcategories&post=4737"},{"taxonomy":"post_tag","embeddable":true,"href":"https:\/\/vagas.portalemprego.com.br\/index.php?rest_route=%2Fwp%2Fv2%2Ftags&post=4737"}],"curies":[{"name":"wp","href":"https:\/\/api.w.org\/{rel}","templated":true}]}}