{"id":4739,"date":"2026-04-29T06:01:01","date_gmt":"2026-04-29T09:01:01","guid":{"rendered":"https:\/\/vagas.portalemprego.com.br\/?p=4739"},"modified":"2026-04-29T06:01:01","modified_gmt":"2026-04-29T09:01:01","slug":"consultora-de-vendas-de-cosmeticos-norte-shopping-rj-comercial-vendas-rio-de-janeiro","status":"publish","type":"post","link":"https:\/\/vagas.portalemprego.com.br\/?p=4739","title":{"rendered":"Consultor(a) de Vendas de Cosm\u00e9ticos &#8211; Norte Shopping\/RJ &#8211; Comercial, Vendas &#8211; Rio de Janeiro"},"content":{"rendered":"<p>Sobre a vaga:<br \/>\nTrabalhamos para voc\u00ea ser mais voc\u00ea em todos os momentos, come\u00e7ando pela sua carreira. Se voc\u00ea se identifica conosco e procura uma empresa, acima de tudo, apaixonada por pessoas, #VemPraC&amp;A! ??<\/p>\n<p>Principais atribui\u00e7\u00f5es:<br \/>\n&#8211; Realizar vendas, lidando com metas estabelecidas (produtos de beleza e servi\u00e7os financeiros);<br \/>\n&#8211; Prospectar novos clientes e comercializar produtos adicionais;<br \/>\n&#8211; Oferecer o melhor atendimento \u00e0s clientes, dentro dos padr\u00f5es estabelecidos pela empresa;<br \/>\n&#8211; Gerar conex\u00e3o total com a cliente e estar atento aos detalhes e sens\u00edvel as necessidades da cliente;<br \/>\n&#8211; Zelar pelo espa\u00e7o, pelos produtos e equipamentos como um todo, apoiando na precifica\u00e7\u00e3o, abastecimento e organiza\u00e7\u00e3o conforme o planograma vigente;<br \/>\n&#8211; Aprimorar os conhecimentos na fun\u00e7\u00e3o atual, atrav\u00e9s da participa\u00e7\u00e3o de treinamentos oferecidos pela empresa.<\/p>\n<p>Requisitos obrigat\u00f3rios:<br \/>\n&#8211; Ensino M\u00e9dio completo;<br \/>\n&#8211; Disponibilidade para atuar em escala 6X1 no hor\u00e1rio de fechamento de loja;<br \/>\n&#8211; Conhecimento e afinidade com a \u00e1rea de Cosm\u00e9ticos;<br \/>\n&#8211; Ter boas habilidades com vendas presenciais, entendendo as necessidades da pessoa cliente;<br \/>\n&#8211; Comunicar-se de forma clara, eficiente e respeitosa.<\/p>\n<ul>\n<li>Local de trabalho: Rio de Janeiro, RJ<\/li>\n<li>Regime de contrata\u00e7\u00e3o de tipo: Efetivo \u2013 CLT<\/li>\n<li>Jornada: Per\u00edodo Integral<\/li>\n<li>\u00c1rea e especializa\u00e7\u00e3o profissional: Comercial, Vendas &#8211; Lojas \/ Shopping<\/li>\n<li>N\u00edvel hier\u00e1rquico: Consultor<\/li>\n<\/ul>\n<p>HABILIDADES<\/p>\n<ul>\n<li>Comunica\u00e7\u00e3o<\/li>\n<li>Agilidade<\/li>\n<li>Sede por resultados<\/li>\n<\/ul>\n<p>Escolaridade M\u00ednima: Ensino M\u00e9dio (2\u00ba Grau)<\/p>\n<p>Forma\u00e7\u00e3o desejada:<\/p>\n<ul>\n<li>Ensino M\u00e9dio (2\u00ba Grau)<\/li>\n<\/ul>\n<ul>\n<li>Day-off \u2013 folga de anivers\u00e1rio<\/li>\n<li>Conv\u00eanio Farm\u00e1cia<\/li>\n<li>Participa\u00e7\u00e3o de lucros<\/li>\n<li>Desconto de 20% nos produtos C&amp;A<\/li>\n<li>Vale transporte<\/li>\n<li>Conv\u00eanio Sesc<\/li>\n<li>Plano de carreira<\/li>\n<li>Treinamentos<\/li>\n<li>Restaurante interno ou vale-refei\u00e7\u00e3o<\/li>\n<li>Telemedicina e teleterapia<\/li>\n<li>Wellhub (Gympass)<\/li>\n<li>B\u00f4nus por resultado<\/li>\n<li>Programa de Reconhecimento Mensal com Folga Extra<\/li>\n<li>Apoio psicol\u00f3gico, jur\u00eddico e social<\/li>\n<li>Assist\u00eancia m\u00e9dica e odontol\u00f3gica (ap\u00f3s 12 meses de empresa)<\/li>\n<\/ul>\n<p>Sal\u00e1rio: 3100,0<\/p>\n","protected":false},"excerpt":{"rendered":"<p>Sobre a vaga: Trabalhamos para voc\u00ea ser mais voc\u00ea em todos os momentos, come\u00e7ando pela sua carreira. Se voc\u00ea se identifica conosco e procura uma empresa, acima de tudo, apaixonada por pessoas, #VemPraC&amp;A! ?? Principais atribui\u00e7\u00f5es: &#8211; Realizar vendas, lidando com metas estabelecidas (produtos de beleza e servi\u00e7os financeiros); &#8211; Prospectar novos clientes e comercializar [&hellip;]<\/p>\n","protected":false},"author":1,"featured_media":0,"comment_status":"open","ping_status":"open","sticky":false,"template":"","format":"standard","meta":{"footnotes":""},"categories":[21],"tags":[],"class_list":["post-4739","post","type-post","status-publish","format-standard","hentry","category-rio-de-janeiro-rj"],"_links":{"self":[{"href":"https:\/\/vagas.portalemprego.com.br\/index.php?rest_route=\/wp\/v2\/posts\/4739","targetHints":{"allow":["GET"]}}],"collection":[{"href":"https:\/\/vagas.portalemprego.com.br\/index.php?rest_route=\/wp\/v2\/posts"}],"about":[{"href":"https:\/\/vagas.portalemprego.com.br\/index.php?rest_route=\/wp\/v2\/types\/post"}],"author":[{"embeddable":true,"href":"https:\/\/vagas.portalemprego.com.br\/index.php?rest_route=\/wp\/v2\/users\/1"}],"replies":[{"embeddable":true,"href":"https:\/\/vagas.portalemprego.com.br\/index.php?rest_route=%2Fwp%2Fv2%2Fcomments&post=4739"}],"version-history":[{"count":0,"href":"https:\/\/vagas.portalemprego.com.br\/index.php?rest_route=\/wp\/v2\/posts\/4739\/revisions"}],"wp:attachment":[{"href":"https:\/\/vagas.portalemprego.com.br\/index.php?rest_route=%2Fwp%2Fv2%2Fmedia&parent=4739"}],"wp:term":[{"taxonomy":"category","embeddable":true,"href":"https:\/\/vagas.portalemprego.com.br\/index.php?rest_route=%2Fwp%2Fv2%2Fcategories&post=4739"},{"taxonomy":"post_tag","embeddable":true,"href":"https:\/\/vagas.portalemprego.com.br\/index.php?rest_route=%2Fwp%2Fv2%2Ftags&post=4739"}],"curies":[{"name":"wp","href":"https:\/\/api.w.org\/{rel}","templated":true}]}}