{"id":4740,"date":"2026-04-29T06:01:01","date_gmt":"2026-04-29T09:01:01","guid":{"rendered":"https:\/\/vagas.portalemprego.com.br\/?p=4740"},"modified":"2026-04-29T06:01:01","modified_gmt":"2026-04-29T09:01:01","slug":"mecanico-de-ar-condicionado-rio-de-janeiro-construcao-manutencao-rio-de-janeiro","status":"publish","type":"post","link":"https:\/\/vagas.portalemprego.com.br\/?p=4740","title":{"rendered":"Mec\u00e2nico de Ar Condicionado &#8211; Rio de Janeiro &#8211; Constru\u00e7\u00e3o, Manuten\u00e7\u00e3o &#8211; Rio de Janeiro"},"content":{"rendered":"<p>Realizar\u00e1 manuten\u00e7\u00e3o preventiva e corretivas, instala\u00e7\u00e3o e montagem de equipamentos de ar condicionado e ventila\u00e7\u00e3o, atrav\u00e9s da realiza\u00e7\u00e3o de regulagens, ajustes, corre\u00e7\u00f5es de componentes mec\u00e2nicos com objetivo de manter o funcionamento correto dos equipamentos<\/p>\n<p>Necess\u00e1rio curso livre ou t\u00e9cnico em refrigera\u00e7\u00e3o e climatiza\u00e7\u00e3o (ar condicionado) e experi\u00eancia na \u00e1rea. <\/p>\n<p>Conhecimento em sistemas de expans\u00e3o direta e indireta (Chiller, Split, Self, VRF, Roof Top, ACJ, Fancoil, Fancoletes e etc&#8230; ), opera\u00e7\u00e3o de sistema de \u00e1gua gelada.<\/p>\n<p>CLT<br \/>\nBenef\u00edcios:\u00a0VR\u00a030,00\/dia<br \/>\nVA:\u00a0135,00\/mensais<br \/>\nVale\u00a0Transporte<br \/>\nSeguro\u00a0de\u00a0vida<br \/>\nAssist\u00eancia\u00a0M\u00e9dica\u00a0e\u00a0Odontol\u00f3gica\u00a0ap\u00f3s\u00a0o\u00a0per\u00edodo\u00a0de\u00a0experi\u00eancia<br \/>\nDesconto\u00a0em\u00a0faculdade\u00a0e\u00a0cursos\u00a0de\u00a0idiomas<br \/>\nDesconto\u00a0em\u00a0academias\u00a0&#8211;\u00a0Atrav\u00e9s\u00a0do\u00a0Totalpass<\/p>\n<ul>\n<li>Local de trabalho: Rio de Janeiro, RJ<\/li>\n<li>Regime de contrata\u00e7\u00e3o de tipo: Efetivo \u2013 CLT<\/li>\n<li>Jornada: Per\u00edodo Integral<\/li>\n<li>\u00c1rea e especializa\u00e7\u00e3o profissional: Constru\u00e7\u00e3o, Manuten\u00e7\u00e3o &#8211; Manuten\u00e7\u00e3o e Instala\u00e7\u00f5es<\/li>\n<li>N\u00edvel hier\u00e1rquico: Especialista<\/li>\n<\/ul>\n<p>Escolaridade M\u00ednima: Ensino M\u00e9dio (2\u00ba Grau)<\/p>\n<ul>\n<li>Seguro de Vida<\/li>\n<li>Vale-transporte<\/li>\n<li>Vale-refei\u00e7\u00e3o<\/li>\n<li>Vale-alimenta\u00e7\u00e3o<\/li>\n<li>Assist\u00eancia odontol\u00f3gica<\/li>\n<li>Assist\u00eancia m\u00e9dica<\/li>\n<\/ul>\n","protected":false},"excerpt":{"rendered":"<p>Realizar\u00e1 manuten\u00e7\u00e3o preventiva e corretivas, instala\u00e7\u00e3o e montagem de equipamentos de ar condicionado e ventila\u00e7\u00e3o, atrav\u00e9s da realiza\u00e7\u00e3o de regulagens, ajustes, corre\u00e7\u00f5es de componentes mec\u00e2nicos com objetivo de manter o funcionamento correto dos equipamentos Necess\u00e1rio curso livre ou t\u00e9cnico em refrigera\u00e7\u00e3o e climatiza\u00e7\u00e3o (ar condicionado) e experi\u00eancia na \u00e1rea. Conhecimento em sistemas de expans\u00e3o direta [&hellip;]<\/p>\n","protected":false},"author":1,"featured_media":0,"comment_status":"open","ping_status":"open","sticky":false,"template":"","format":"standard","meta":{"footnotes":""},"categories":[21],"tags":[],"class_list":["post-4740","post","type-post","status-publish","format-standard","hentry","category-rio-de-janeiro-rj"],"_links":{"self":[{"href":"https:\/\/vagas.portalemprego.com.br\/index.php?rest_route=\/wp\/v2\/posts\/4740","targetHints":{"allow":["GET"]}}],"collection":[{"href":"https:\/\/vagas.portalemprego.com.br\/index.php?rest_route=\/wp\/v2\/posts"}],"about":[{"href":"https:\/\/vagas.portalemprego.com.br\/index.php?rest_route=\/wp\/v2\/types\/post"}],"author":[{"embeddable":true,"href":"https:\/\/vagas.portalemprego.com.br\/index.php?rest_route=\/wp\/v2\/users\/1"}],"replies":[{"embeddable":true,"href":"https:\/\/vagas.portalemprego.com.br\/index.php?rest_route=%2Fwp%2Fv2%2Fcomments&post=4740"}],"version-history":[{"count":0,"href":"https:\/\/vagas.portalemprego.com.br\/index.php?rest_route=\/wp\/v2\/posts\/4740\/revisions"}],"wp:attachment":[{"href":"https:\/\/vagas.portalemprego.com.br\/index.php?rest_route=%2Fwp%2Fv2%2Fmedia&parent=4740"}],"wp:term":[{"taxonomy":"category","embeddable":true,"href":"https:\/\/vagas.portalemprego.com.br\/index.php?rest_route=%2Fwp%2Fv2%2Fcategories&post=4740"},{"taxonomy":"post_tag","embeddable":true,"href":"https:\/\/vagas.portalemprego.com.br\/index.php?rest_route=%2Fwp%2Fv2%2Ftags&post=4740"}],"curies":[{"name":"wp","href":"https:\/\/api.w.org\/{rel}","templated":true}]}}