{"id":4743,"date":"2026-04-29T06:01:01","date_gmt":"2026-04-29T09:01:01","guid":{"rendered":"https:\/\/vagas.portalemprego.com.br\/?p=4743"},"modified":"2026-04-29T06:01:01","modified_gmt":"2026-04-29T09:01:01","slug":"gerente-de-loja-habibs-sao-goncalo-alimentacao-gastronomia-sao-goncalo-4","status":"publish","type":"post","link":"https:\/\/vagas.portalemprego.com.br\/?p=4743","title":{"rendered":"Gerente de Loja Habibs &#8211; S\u00c3O GON\u00c7ALO &#8211; Alimenta\u00e7\u00e3o \/ Gastronomia &#8211; S\u00e3o Gon\u00e7alo"},"content":{"rendered":"<p>Vaga:\u00a0Gerente\u00a0Principal\u00a0\u2013\u00a0Habib\u2019s<br \/>\nEndere\u00e7o:\u00a0R.\u00a0Dr.\u00a0Alfredo\u00a0Backer,\u00a0196\u00a0&#8211;\u00a0Mutondo<br \/>\nSal\u00e1rio:\u00a0R$\u00a03.869,00<br \/>\nHor\u00e1rio:\u00a0das\u00a016h\u00a0\u00e0s\u00a000h20<br \/>\nEscala:\u00a06&#215;1<br \/>\nBenef\u00edcios:<br \/>\nVale-transporte<br \/>\nRefei\u00e7\u00e3o\u00a0no\u00a0local<br \/>\nPremia\u00e7\u00f5es\u00a0por\u00a0desempenho<br \/>\nDescri\u00e7\u00e3o\u00a0da\u00a0fun\u00e7\u00e3o:<br \/>\nO\u00a0Gerente\u00a0Principal\u00a0ser\u00e1\u00a0respons\u00e1vel\u00a0pela\u00a0gest\u00e3o\u00a0geral\u00a0da\u00a0unidade,\u00a0garantindo\u00a0o\u00a0bom\u00a0funcionamento\u00a0das\u00a0opera\u00e7\u00f5es,\u00a0o\u00a0cumprimento\u00a0de\u00a0metas\u00a0e\u00a0a\u00a0excel\u00eancia\u00a0no\u00a0atendimento\u00a0ao\u00a0cliente.\u00a0Atuar\u00e1\u00a0diretamente\u00a0na\u00a0lideran\u00e7a\u00a0da\u00a0equipe,\u00a0controle\u00a0de\u00a0indicadores\u00a0e\u00a0padroniza\u00e7\u00e3o\u00a0dos\u00a0processos\u00a0conforme\u00a0as\u00a0diretrizes\u00a0da\u00a0rede.<\/p>\n<ul>\n<li>Local de trabalho: S\u00e3o Gon\u00e7alo, RJ<\/li>\n<li>Regime de contrata\u00e7\u00e3o de tipo: Efetivo \u2013 CLT<\/li>\n<li>Jornada: Parcial tardes<\/li>\n<li>\u00c1rea e especializa\u00e7\u00e3o profissional: Alimenta\u00e7\u00e3o \/ Gastronomia &#8211; Gastronomia<\/li>\n<li>N\u00edvel hier\u00e1rquico: Gerente<\/li>\n<\/ul>\n<p>Escolaridade M\u00ednima: Ensino Fundamental (1\u00ba grau)<\/p>\n<p>Sal\u00e1rio: 3869,0<\/p>\n","protected":false},"excerpt":{"rendered":"<p>Vaga:\u00a0Gerente\u00a0Principal\u00a0\u2013\u00a0Habib\u2019s Endere\u00e7o:\u00a0R.\u00a0Dr.\u00a0Alfredo\u00a0Backer,\u00a0196\u00a0&#8211;\u00a0Mutondo Sal\u00e1rio:\u00a0R$\u00a03.869,00 Hor\u00e1rio:\u00a0das\u00a016h\u00a0\u00e0s\u00a000h20 Escala:\u00a06&#215;1 Benef\u00edcios: Vale-transporte Refei\u00e7\u00e3o\u00a0no\u00a0local Premia\u00e7\u00f5es\u00a0por\u00a0desempenho Descri\u00e7\u00e3o\u00a0da\u00a0fun\u00e7\u00e3o: O\u00a0Gerente\u00a0Principal\u00a0ser\u00e1\u00a0respons\u00e1vel\u00a0pela\u00a0gest\u00e3o\u00a0geral\u00a0da\u00a0unidade,\u00a0garantindo\u00a0o\u00a0bom\u00a0funcionamento\u00a0das\u00a0opera\u00e7\u00f5es,\u00a0o\u00a0cumprimento\u00a0de\u00a0metas\u00a0e\u00a0a\u00a0excel\u00eancia\u00a0no\u00a0atendimento\u00a0ao\u00a0cliente.\u00a0Atuar\u00e1\u00a0diretamente\u00a0na\u00a0lideran\u00e7a\u00a0da\u00a0equipe,\u00a0controle\u00a0de\u00a0indicadores\u00a0e\u00a0padroniza\u00e7\u00e3o\u00a0dos\u00a0processos\u00a0conforme\u00a0as\u00a0diretrizes\u00a0da\u00a0rede. Local de trabalho: S\u00e3o Gon\u00e7alo, RJ Regime de contrata\u00e7\u00e3o de tipo: Efetivo \u2013 CLT Jornada: Parcial tardes \u00c1rea e especializa\u00e7\u00e3o profissional: Alimenta\u00e7\u00e3o \/ Gastronomia &#8211; Gastronomia N\u00edvel hier\u00e1rquico: Gerente Escolaridade M\u00ednima: Ensino Fundamental (1\u00ba grau) Sal\u00e1rio: 3869,0<\/p>\n","protected":false},"author":1,"featured_media":0,"comment_status":"open","ping_status":"open","sticky":false,"template":"","format":"standard","meta":{"footnotes":""},"categories":[21],"tags":[],"class_list":["post-4743","post","type-post","status-publish","format-standard","hentry","category-rio-de-janeiro-rj"],"_links":{"self":[{"href":"https:\/\/vagas.portalemprego.com.br\/index.php?rest_route=\/wp\/v2\/posts\/4743","targetHints":{"allow":["GET"]}}],"collection":[{"href":"https:\/\/vagas.portalemprego.com.br\/index.php?rest_route=\/wp\/v2\/posts"}],"about":[{"href":"https:\/\/vagas.portalemprego.com.br\/index.php?rest_route=\/wp\/v2\/types\/post"}],"author":[{"embeddable":true,"href":"https:\/\/vagas.portalemprego.com.br\/index.php?rest_route=\/wp\/v2\/users\/1"}],"replies":[{"embeddable":true,"href":"https:\/\/vagas.portalemprego.com.br\/index.php?rest_route=%2Fwp%2Fv2%2Fcomments&post=4743"}],"version-history":[{"count":0,"href":"https:\/\/vagas.portalemprego.com.br\/index.php?rest_route=\/wp\/v2\/posts\/4743\/revisions"}],"wp:attachment":[{"href":"https:\/\/vagas.portalemprego.com.br\/index.php?rest_route=%2Fwp%2Fv2%2Fmedia&parent=4743"}],"wp:term":[{"taxonomy":"category","embeddable":true,"href":"https:\/\/vagas.portalemprego.com.br\/index.php?rest_route=%2Fwp%2Fv2%2Fcategories&post=4743"},{"taxonomy":"post_tag","embeddable":true,"href":"https:\/\/vagas.portalemprego.com.br\/index.php?rest_route=%2Fwp%2Fv2%2Ftags&post=4743"}],"curies":[{"name":"wp","href":"https:\/\/api.w.org\/{rel}","templated":true}]}}