{"id":4744,"date":"2026-04-29T06:01:01","date_gmt":"2026-04-29T09:01:01","guid":{"rendered":"https:\/\/vagas.portalemprego.com.br\/?p=4744"},"modified":"2026-04-29T06:01:01","modified_gmt":"2026-04-29T09:01:01","slug":"consultor-de-vendas-interno-comercial-vendas-cabo-frio","status":"publish","type":"post","link":"https:\/\/vagas.portalemprego.com.br\/?p=4744","title":{"rendered":"CONSULTOR DE VENDAS &#8211; INTERNO &#8211; Comercial, Vendas &#8211; Cabo Frio"},"content":{"rendered":"<p>? Oportunidade de Emprego | AlmaViva Experience ?<\/p>\n<p>?? Vaga: Vendedor Interno \u2013 Supermercado<br \/>\nVoc\u00ea \u00e9 comunicativo, gosta de desafios e quer crescer profissionalmente? Ent\u00e3o essa vaga \u00e9 para voc\u00ea! ??.<\/p>\n<p>?? O que voc\u00ea vai fazer no dia a dia:<br \/>\nAbordar clientes no supermercado para oferta de cart\u00f5es de cr\u00e9dito;<br \/>\nApresentar benef\u00edcios, esclarecer d\u00favidas e conduzir todo o processo de ades\u00e3o;<br \/>\nAtuar com foco em metas, resultados e excel\u00eancia no atendimento.<\/p>\n<p>?? Remunera\u00e7\u00e3o e Benef\u00edcios:<br \/>\nSal\u00e1rio fixo: R$ 1.621,00<br \/>\nComiss\u00e3o sem teto (quanto mais voc\u00ea vende, mais voc\u00ea ganha!)<br \/>\nVale-Refei\u00e7\u00e3o: R$ 22,72\/dia (pago em dinheiro)<br \/>\nVale-Transporte: R$ 16,00\/dia (pago em dinheiro)<br \/>\nAssist\u00eancia m\u00e9dica e odontol\u00f3gica<br \/>\nSeguro de vida<br \/>\nGympass<br \/>\nConv\u00eanio com faculdades<br \/>\nParcerias com SESC<br \/>\nPetLove<br \/>\nPlano de carreira com reais oportunidades de crescimento ??<\/p>\n<p>?? Escala de Trabalho:<br \/>\nSegunda a s\u00e1bado<br \/>\nHor\u00e1rio a combinar<br \/>\nN\u00e3o trabalha aos domingos nem feriados ??<\/p>\n<p>?? Excelente oportunidade para quem busca desenvolvimento profissional, estabilidade e ganhos sem limite!<br \/>\n??Mande seu CV ou um &#8220;EU QUERO VAGA RJ&#8221; agora mesmo! ?? [11] 93224-8535 Falar com JOEL SILVA<br \/>\nCompartilhe essa chance com quem adora bater meta!<\/p>\n<ul>\n<li>N\u00famero de vagas: 10<\/li>\n<li>Local de trabalho: Cabo Frio, RJ<\/li>\n<li>Regime de contrata\u00e7\u00e3o de tipo: Efetivo \u2013 CLT<\/li>\n<li>Jornada: Per\u00edodo Integral<\/li>\n<li>\u00c1rea e especializa\u00e7\u00e3o profissional: Comercial, Vendas &#8211; Venda Externa<\/li>\n<li>N\u00edvel hier\u00e1rquico: Consultor<\/li>\n<\/ul>\n<p>VALORIZADO<\/p>\n<p>Tempo de experi\u00eancia: Sem experi\u00eancia<\/p>\n<p>Escolaridade M\u00ednima: Ensino M\u00e9dio (2\u00ba Grau)<\/p>\n<p>Sal\u00e1rio: 5000,0<\/p>\n","protected":false},"excerpt":{"rendered":"<p>? Oportunidade de Emprego | AlmaViva Experience ? ?? Vaga: Vendedor Interno \u2013 Supermercado Voc\u00ea \u00e9 comunicativo, gosta de desafios e quer crescer profissionalmente? Ent\u00e3o essa vaga \u00e9 para voc\u00ea! ??. ?? O que voc\u00ea vai fazer no dia a dia: Abordar clientes no supermercado para oferta de cart\u00f5es de cr\u00e9dito; Apresentar benef\u00edcios, esclarecer d\u00favidas [&hellip;]<\/p>\n","protected":false},"author":1,"featured_media":0,"comment_status":"open","ping_status":"open","sticky":false,"template":"","format":"standard","meta":{"footnotes":""},"categories":[21],"tags":[],"class_list":["post-4744","post","type-post","status-publish","format-standard","hentry","category-rio-de-janeiro-rj"],"_links":{"self":[{"href":"https:\/\/vagas.portalemprego.com.br\/index.php?rest_route=\/wp\/v2\/posts\/4744","targetHints":{"allow":["GET"]}}],"collection":[{"href":"https:\/\/vagas.portalemprego.com.br\/index.php?rest_route=\/wp\/v2\/posts"}],"about":[{"href":"https:\/\/vagas.portalemprego.com.br\/index.php?rest_route=\/wp\/v2\/types\/post"}],"author":[{"embeddable":true,"href":"https:\/\/vagas.portalemprego.com.br\/index.php?rest_route=\/wp\/v2\/users\/1"}],"replies":[{"embeddable":true,"href":"https:\/\/vagas.portalemprego.com.br\/index.php?rest_route=%2Fwp%2Fv2%2Fcomments&post=4744"}],"version-history":[{"count":0,"href":"https:\/\/vagas.portalemprego.com.br\/index.php?rest_route=\/wp\/v2\/posts\/4744\/revisions"}],"wp:attachment":[{"href":"https:\/\/vagas.portalemprego.com.br\/index.php?rest_route=%2Fwp%2Fv2%2Fmedia&parent=4744"}],"wp:term":[{"taxonomy":"category","embeddable":true,"href":"https:\/\/vagas.portalemprego.com.br\/index.php?rest_route=%2Fwp%2Fv2%2Fcategories&post=4744"},{"taxonomy":"post_tag","embeddable":true,"href":"https:\/\/vagas.portalemprego.com.br\/index.php?rest_route=%2Fwp%2Fv2%2Ftags&post=4744"}],"curies":[{"name":"wp","href":"https:\/\/api.w.org\/{rel}","templated":true}]}}