{"id":4745,"date":"2026-04-29T06:01:01","date_gmt":"2026-04-29T09:01:01","guid":{"rendered":"https:\/\/vagas.portalemprego.com.br\/?p=4745"},"modified":"2026-04-29T06:01:01","modified_gmt":"2026-04-29T09:01:01","slug":"auxiliar-de-servicos-gerias-recreio-dos-bandeirantes-alimentacao-gastronomia-rio-de-janeiro","status":"publish","type":"post","link":"https:\/\/vagas.portalemprego.com.br\/?p=4745","title":{"rendered":"AUXILIAR DE SERVI\u00c7OS GERIAS &#8211; RECREIO DOS BANDEIRANTES &#8211; Alimenta\u00e7\u00e3o \/ Gastronomia &#8211; Rio de Janeiro"},"content":{"rendered":"<p>Prazer,\u00a0somos\u00a0o\u00a0maior\u00a0grupo\u00a0de\u00a0food\u00a0service\u00a0genuinamente\u00a0brasileiro.<br \/>\nNos\u00a0conectamos\u00a0com\u00a0as\u00a0pessoas\u00a0por\u00a0meio\u00a0das\u00a0comidas\u00a0e\u00a0hist\u00f3rias\u00a0vividas\u00a0\u00e0\u00a0mesa.\u00a0H\u00e1\u00a0mais\u00a0de\u00a040\u00a0anos,\u00a0levamos\u00a0sabor\u00a0e\u00a0qualidade\u00a0a\u00a0pre\u00e7os\u00a0realmente\u00a0acess\u00edveis,\u00a0sempre\u00a0com\u00a0foco\u00a0em\u00a0inovar\u00a0e\u00a0expandir\u00a0a\u00a0nossa\u00a0atua\u00e7\u00e3o\u00a0no\u00a0mercado.<br \/>\nVoc\u00ea\u00a0manda\u00a0bem\u00a0no\u00a0atendimento,\u00a0\u00e9\u00a0\u00e1gil,\u00a0atento(a)\u00a0e\u00a0t\u00e1\u00a0afim\u00a0de\u00a0crescer?<\/p>\n<p>Ent\u00e3o\u00a0vem\u00a0com\u00a0a\u00a0gente!!<\/p>\n<p>O\u00a0que\u00a0voc\u00ea\u00a0vai\u00a0fazer:<\/p>\n<p>Atender\u00a0com\u00a0agilidade\u00a0e\u00a0simpatia<br \/>\nManter\u00a0as\u00a0mesas\u00a0limpas\u00a0e\u00a0organizadas\u00a0ap\u00f3s\u00a0cada\u00a0atendimento<br \/>\nGarantir\u00a0a\u00a0melhor\u00a0experi\u00eancia\u00a0de\u00a0atendimento\u00a0e\u00a0consumo\u00a0ao\u00a0cliente<\/p>\n<p>O\u00a0que\u00a0voc\u00ea\u00a0precisa\u00a0ter:<\/p>\n<p>Ensino\u00a0M\u00e9dio\u00a0Cursando<br \/>\nDisponibilidade\u00a0de\u00a0hor\u00e1rios\u00a0:\u00a018:00\u00a0\u00e0s\u00a002:20<br \/>\nVontade\u00a0de\u00a0aprender\u00a0(n\u00e3o\u00a0\u00e9\u00a0necess\u00e1rio\u00a0experi\u00eancia)<\/p>\n<p>Ganhos:<\/p>\n<p>Piso\u00a0garantido\u00a0+\u00a0Premia\u00e7\u00e3o\u00a0por\u00a0Resultado\u00a0+\u00a0Taxa\u00a0de\u00a0Servi\u00e7o\u00a0(ganhos\u00a0reais!)<br \/>\nVale\u00a0Transporte\u00a0+\u00a0Refei\u00e7\u00e3o\u00a0no\u00a0local<br \/>\nOportunidades\u00a0reais\u00a0de\u00a0crescimento<\/p>\n<ul>\n<li>N\u00famero de vagas: 2<\/li>\n<li>Local de trabalho: Rio de Janeiro, RJ<\/li>\n<li>Regime de contrata\u00e7\u00e3o de tipo: Efetivo \u2013 CLT<\/li>\n<li>Jornada: Parcial tardes<\/li>\n<li>\u00c1rea e especializa\u00e7\u00e3o profissional: Alimenta\u00e7\u00e3o \/ Gastronomia &#8211; Copa<\/li>\n<li>N\u00edvel hier\u00e1rquico: Auxiliar<\/li>\n<\/ul>\n<p>VALORIZADO<\/p>\n<p>Tempo de experi\u00eancia: Sem experi\u00eancia<\/p>\n<p>Escolaridade M\u00ednima: Ensino M\u00e9dio (2\u00ba Grau)<\/p>\n<p>Sal\u00e1rio: 1800,0<\/p>\n","protected":false},"excerpt":{"rendered":"<p>Prazer,\u00a0somos\u00a0o\u00a0maior\u00a0grupo\u00a0de\u00a0food\u00a0service\u00a0genuinamente\u00a0brasileiro. Nos\u00a0conectamos\u00a0com\u00a0as\u00a0pessoas\u00a0por\u00a0meio\u00a0das\u00a0comidas\u00a0e\u00a0hist\u00f3rias\u00a0vividas\u00a0\u00e0\u00a0mesa.\u00a0H\u00e1\u00a0mais\u00a0de\u00a040\u00a0anos,\u00a0levamos\u00a0sabor\u00a0e\u00a0qualidade\u00a0a\u00a0pre\u00e7os\u00a0realmente\u00a0acess\u00edveis,\u00a0sempre\u00a0com\u00a0foco\u00a0em\u00a0inovar\u00a0e\u00a0expandir\u00a0a\u00a0nossa\u00a0atua\u00e7\u00e3o\u00a0no\u00a0mercado. Voc\u00ea\u00a0manda\u00a0bem\u00a0no\u00a0atendimento,\u00a0\u00e9\u00a0\u00e1gil,\u00a0atento(a)\u00a0e\u00a0t\u00e1\u00a0afim\u00a0de\u00a0crescer? Ent\u00e3o\u00a0vem\u00a0com\u00a0a\u00a0gente!! O\u00a0que\u00a0voc\u00ea\u00a0vai\u00a0fazer: Atender\u00a0com\u00a0agilidade\u00a0e\u00a0simpatia Manter\u00a0as\u00a0mesas\u00a0limpas\u00a0e\u00a0organizadas\u00a0ap\u00f3s\u00a0cada\u00a0atendimento Garantir\u00a0a\u00a0melhor\u00a0experi\u00eancia\u00a0de\u00a0atendimento\u00a0e\u00a0consumo\u00a0ao\u00a0cliente O\u00a0que\u00a0voc\u00ea\u00a0precisa\u00a0ter: Ensino\u00a0M\u00e9dio\u00a0Cursando Disponibilidade\u00a0de\u00a0hor\u00e1rios\u00a0:\u00a018:00\u00a0\u00e0s\u00a002:20 Vontade\u00a0de\u00a0aprender\u00a0(n\u00e3o\u00a0\u00e9\u00a0necess\u00e1rio\u00a0experi\u00eancia) Ganhos: Piso\u00a0garantido\u00a0+\u00a0Premia\u00e7\u00e3o\u00a0por\u00a0Resultado\u00a0+\u00a0Taxa\u00a0de\u00a0Servi\u00e7o\u00a0(ganhos\u00a0reais!) Vale\u00a0Transporte\u00a0+\u00a0Refei\u00e7\u00e3o\u00a0no\u00a0local Oportunidades\u00a0reais\u00a0de\u00a0crescimento N\u00famero de vagas: 2 Local de trabalho: Rio de Janeiro, RJ Regime de contrata\u00e7\u00e3o de tipo: Efetivo \u2013 CLT Jornada: Parcial tardes \u00c1rea e especializa\u00e7\u00e3o profissional: Alimenta\u00e7\u00e3o \/ Gastronomia &#8211; Copa N\u00edvel hier\u00e1rquico: Auxiliar VALORIZADO Tempo de experi\u00eancia: Sem [&hellip;]<\/p>\n","protected":false},"author":1,"featured_media":0,"comment_status":"open","ping_status":"open","sticky":false,"template":"","format":"standard","meta":{"footnotes":""},"categories":[21],"tags":[],"class_list":["post-4745","post","type-post","status-publish","format-standard","hentry","category-rio-de-janeiro-rj"],"_links":{"self":[{"href":"https:\/\/vagas.portalemprego.com.br\/index.php?rest_route=\/wp\/v2\/posts\/4745","targetHints":{"allow":["GET"]}}],"collection":[{"href":"https:\/\/vagas.portalemprego.com.br\/index.php?rest_route=\/wp\/v2\/posts"}],"about":[{"href":"https:\/\/vagas.portalemprego.com.br\/index.php?rest_route=\/wp\/v2\/types\/post"}],"author":[{"embeddable":true,"href":"https:\/\/vagas.portalemprego.com.br\/index.php?rest_route=\/wp\/v2\/users\/1"}],"replies":[{"embeddable":true,"href":"https:\/\/vagas.portalemprego.com.br\/index.php?rest_route=%2Fwp%2Fv2%2Fcomments&post=4745"}],"version-history":[{"count":0,"href":"https:\/\/vagas.portalemprego.com.br\/index.php?rest_route=\/wp\/v2\/posts\/4745\/revisions"}],"wp:attachment":[{"href":"https:\/\/vagas.portalemprego.com.br\/index.php?rest_route=%2Fwp%2Fv2%2Fmedia&parent=4745"}],"wp:term":[{"taxonomy":"category","embeddable":true,"href":"https:\/\/vagas.portalemprego.com.br\/index.php?rest_route=%2Fwp%2Fv2%2Fcategories&post=4745"},{"taxonomy":"post_tag","embeddable":true,"href":"https:\/\/vagas.portalemprego.com.br\/index.php?rest_route=%2Fwp%2Fv2%2Ftags&post=4745"}],"curies":[{"name":"wp","href":"https:\/\/api.w.org\/{rel}","templated":true}]}}