{"id":4748,"date":"2026-04-29T06:02:02","date_gmt":"2026-04-29T09:02:02","guid":{"rendered":"https:\/\/vagas.portalemprego.com.br\/?p=4748"},"modified":"2026-04-29T06:02:02","modified_gmt":"2026-04-29T09:02:02","slug":"assistente-de-contabilidade-contabil-financas-economia-rio-de-janeiro","status":"publish","type":"post","link":"https:\/\/vagas.portalemprego.com.br\/?p=4748","title":{"rendered":"Assistente de Contabilidade &#8211; Cont\u00e1bil, Finan\u00e7as, Economia &#8211; Rio de Janeiro"},"content":{"rendered":"<p>Escrit\u00f3rio de Contabilidade na Tijuca\/RJ contrata:<br \/>\nAssistente de Contabilidade<br \/>\nSal\u00e1rio e benef\u00edcios: \u00a0R$ 3.400 + VR\/VA 26,00\/dia + VT + Plano sa\u00fade + odontol\u00f3gico Amill 50% + anuidade CRC ( o escrit\u00f3rio arca com a anuidade) + Incentivo \u00e0 educa\u00e7\u00e3o.<br \/>\nHor\u00e1rio de trabalho: \u00a044h semanais de 2a a 6a de 8h \u00e0s 18h (um dia na semana sai 1 hora mais cedo). Possibilidade de ser de 7h as\u00a017h\u00a0ou 7:30 \u00e0s 17:30<br \/>\nLocal: \u00a0Tijuca\/RJ &#8211; Presencial<br \/>\nAtividades a serem desenvolvidas:<br \/>\n &#8211; elaborar plano de contas<br \/>\n &#8211; integrar notas fiscais e cont\u00e1beis<br \/>\n &#8211; declarar notas fiscais de servi\u00e7o<br \/>\n &#8211; analisar, classificar, conciliar e lan\u00e7ar as contas banc\u00e1rias cont\u00e1beis<br \/>\n &#8211; fechar balan\u00e7o lucro real, presumido e Simples Nacional<br \/>\n &#8211; elaborar informe de rendimentos<br \/>\n &#8211; elaborar declara\u00e7\u00f5es Simples, IRPJ, ECD e ECF<br \/>\n &#8211; preencher formul\u00e1rios IBGE e TurisRio<\/p>\n<p>Experi\u00eancia profissional:<br \/>\n&#8211; experi\u00eancia na \u00e1rea cont\u00e1bil e atividades acima<\/p>\n<p>Requisitos obrigat\u00f3rios:<br \/>\nT\u00e9cnico em contabilidade ou contador formado<br \/>\nCRC ativo com conhecimento do sistema Alterdata<br \/>\nExperi\u00eancia com Pacote Office, Internet, Outlook<br \/>\nDiferencial:<br \/>\nExperi\u00eancia na \u00e1rea cont\u00e1bil de escrit\u00f3rio de contabilidade<br \/>\nCompet\u00eancias Comportamentais (Soft Skills):<br \/>\nAten\u00e7\u00e3o concentrada a detalhes<br \/>\nOrganiza\u00e7\u00e3o e m\u00e9todo de trabalho<br \/>\nRacioc\u00ednio l\u00f3gico e anal\u00edtico<br \/>\nCompromisso com prazos e rotinas fiscais\/cont\u00e1beis<br \/>\nResponsabilidade e \u00e9tica profissional<br \/>\nDisciplina para atividades repetitivas e t\u00e9cnicas<br \/>\nCapacidade de trabalhar com m\u00faltiplas empresas\/obriga\u00e7\u00f5es<br \/>\nComunica\u00e7\u00e3o clara para alinhamentos internos<br \/>\nProatividade t\u00e9cnica (antecipar erros e inconsist\u00eancias)<br \/>\nEstabilidade emocional para per\u00edodos de fechamento<\/p>\n<ul>\n<li>Local de trabalho: Rio de Janeiro, RJ<\/li>\n<li>Regime de contrata\u00e7\u00e3o de tipo: Efetivo \u2013 CLT<\/li>\n<li>Jornada: Per\u00edodo Integral<\/li>\n<li>\u00c1rea e especializa\u00e7\u00e3o profissional: Cont\u00e1bil, Finan\u00e7as, Economia &#8211; Contabilidade<\/li>\n<li>N\u00edvel hier\u00e1rquico: Assistente<\/li>\n<\/ul>\n<p>VALORIZADO<\/p>\n<p>Tempo de experi\u00eancia: Entre 1 e 3 anos<\/p>\n<p>HABILIDADES<\/p>\n<ul>\n<li>Entrega de obriga\u00e7\u00f5es acess\u00f3rias simples nacional<\/li>\n<li>Pacote Office (especialmente Excel)<\/li>\n<li>Conhecimento e uso do sistema Alterdata<\/li>\n<li>Preenchimento de formul\u00e1rios governamentais (IBGE, TurisRio)<\/li>\n<li>Entrega de obriga\u00e7\u00f5es acess\u00f3rias ECF<\/li>\n<li>Entrega de obriga\u00e7\u00f5es acess\u00f3rias ECD<\/li>\n<li>Entrega de obriga\u00e7\u00f5es acess\u00f3rias IRPJ<\/li>\n<li>Elabora\u00e7\u00e3o de Informes de Rendimentos<\/li>\n<li>Integra\u00e7\u00e3o de notas fiscais (entrada, sa\u00edda e servi\u00e7os)<\/li>\n<li>Apura\u00e7\u00e3o e fechamento cont\u00e1bil simples nacional<\/li>\n<li>Apura\u00e7\u00e3o e fechamento cont\u00e1bil lucro presumido<\/li>\n<li>Apura\u00e7\u00e3o e fechamento cont\u00e1bil lucro real<\/li>\n<li>Classifica\u00e7\u00e3o, concilia\u00e7\u00e3o e lan\u00e7amentos cont\u00e1beis<\/li>\n<li>Elabora\u00e7\u00e3o e estrutura\u00e7\u00e3o de Plano de Contas<\/li>\n<li>Contabilidade geral e aplicada<\/li>\n<li>perfil anal\u00edtico<\/li>\n<li>Uso de internet e Outlook<\/li>\n<li>Elabora\u00e7\u00e3o de Balan\u00e7o Patrimonial e DRE<\/li>\n<\/ul>\n<p>Escolaridade M\u00ednima: Curso T\u00e9cnico<\/p>\n<ul>\n<li>vale refei\u00e7\u00e3o\/alimenta\u00e7\u00e3o<\/li>\n<li>vale transporte<\/li>\n<li>plano de saude e odonto 50%<\/li>\n<li>anuidade CRC<\/li>\n<li>incentivo a educa\u00e7\u00e3o<\/li>\n<\/ul>\n<p>Sal\u00e1rio: 3400,0<\/p>\n","protected":false},"excerpt":{"rendered":"<p>Escrit\u00f3rio de Contabilidade na Tijuca\/RJ contrata: Assistente de Contabilidade Sal\u00e1rio e benef\u00edcios: \u00a0R$ 3.400 + VR\/VA 26,00\/dia + VT + Plano sa\u00fade + odontol\u00f3gico Amill 50% + anuidade CRC ( o escrit\u00f3rio arca com a anuidade) + Incentivo \u00e0 educa\u00e7\u00e3o. Hor\u00e1rio de trabalho: \u00a044h semanais de 2a a 6a de 8h \u00e0s 18h (um dia [&hellip;]<\/p>\n","protected":false},"author":1,"featured_media":0,"comment_status":"open","ping_status":"open","sticky":false,"template":"","format":"standard","meta":{"footnotes":""},"categories":[21],"tags":[],"class_list":["post-4748","post","type-post","status-publish","format-standard","hentry","category-rio-de-janeiro-rj"],"_links":{"self":[{"href":"https:\/\/vagas.portalemprego.com.br\/index.php?rest_route=\/wp\/v2\/posts\/4748","targetHints":{"allow":["GET"]}}],"collection":[{"href":"https:\/\/vagas.portalemprego.com.br\/index.php?rest_route=\/wp\/v2\/posts"}],"about":[{"href":"https:\/\/vagas.portalemprego.com.br\/index.php?rest_route=\/wp\/v2\/types\/post"}],"author":[{"embeddable":true,"href":"https:\/\/vagas.portalemprego.com.br\/index.php?rest_route=\/wp\/v2\/users\/1"}],"replies":[{"embeddable":true,"href":"https:\/\/vagas.portalemprego.com.br\/index.php?rest_route=%2Fwp%2Fv2%2Fcomments&post=4748"}],"version-history":[{"count":0,"href":"https:\/\/vagas.portalemprego.com.br\/index.php?rest_route=\/wp\/v2\/posts\/4748\/revisions"}],"wp:attachment":[{"href":"https:\/\/vagas.portalemprego.com.br\/index.php?rest_route=%2Fwp%2Fv2%2Fmedia&parent=4748"}],"wp:term":[{"taxonomy":"category","embeddable":true,"href":"https:\/\/vagas.portalemprego.com.br\/index.php?rest_route=%2Fwp%2Fv2%2Fcategories&post=4748"},{"taxonomy":"post_tag","embeddable":true,"href":"https:\/\/vagas.portalemprego.com.br\/index.php?rest_route=%2Fwp%2Fv2%2Ftags&post=4748"}],"curies":[{"name":"wp","href":"https:\/\/api.w.org\/{rel}","templated":true}]}}