{"id":4749,"date":"2026-04-29T06:02:02","date_gmt":"2026-04-29T09:02:02","guid":{"rendered":"https:\/\/vagas.portalemprego.com.br\/?p=4749"},"modified":"2026-04-29T06:02:02","modified_gmt":"2026-04-29T09:02:02","slug":"operador-de-producao-i-industrial-producao-fabrica-rio-de-janeiro-2","status":"publish","type":"post","link":"https:\/\/vagas.portalemprego.com.br\/?p=4749","title":{"rendered":"Operador de Produ\u00e7\u00e3o I &#8211; Industrial, Produ\u00e7\u00e3o, F\u00e1brica &#8211; Rio de Janeiro"},"content":{"rendered":"<p>Principais atribui\u00e7\u00f5es e responsabilidades do profissional:<br \/>\n&#8211; Efetuar a dosagem das mat\u00e9rias primas nas quantidades requeridas pelo cart\u00e3o de<br \/>\nprodu\u00e7\u00e3o, em caso de necessidade e com supervis\u00e3o no tanque fixo;<br \/>\n&#8211; Zelar pela qualidade dos produtos seguindo as instru\u00e7\u00f5es de trabalho contidas no<br \/>\nmanual de qualidade e no manual de procedimentos;<br \/>\n&#8211; Zelar pela seguran\u00e7a e qualidade do ambiente de trabalho seguindo os procedimentos<br \/>\ndo manual de seguran\u00e7a do trabalho e meio ambiente;<br \/>\n&#8211; Zelar pelo bom funcionamento dos equipamentos e instala\u00e7\u00f5es;<br \/>\n&#8211; Zelar pelo bem estar e seguran\u00e7a pr\u00f3pria e de seus colegas de trabalho;<br \/>\n&#8211; Seguir os procedimentos internos;<br \/>\n&#8211; Informar aos seus superiores sobre a ocorr\u00eancia de problemas durante a jornada de<br \/>\ntrabalho (equipamentos com defeito, condi\u00e7\u00f5es inseguras, problemas nas formula\u00e7\u00f5es,<br \/>\netc);<br \/>\n&#8211; Cumprir os hor\u00e1rios estabelecidos com assiduidade e pontualidade;<br \/>\n&#8211; Lan\u00e7ar no sistema as confirma\u00e7\u00f5es de in\u00edcio das Process Orders (PO);<\/p>\n<p>Experi\u00eancia necess\u00e1ria:<br \/>\nObrigat\u00f3rio:<br \/>\n-Experi\u00eancia em ch\u00e3o de f\u00e1brica. Tempo desej\u00e1vel: 03 anos<br \/>\n-Flexibilidade de hor\u00e1rio<br \/>\nDiferencial:<br \/>\n-Pessoas que j\u00e1 tenham atuado com atividade focada em pesagem e balan\u00e7a<br \/>\n-Operador de empilhadeira e transpaleteira<br \/>\n-Conhecimento com SAP<\/p>\n<ul>\n<li>Local de trabalho: Rio de Janeiro, RJ<\/li>\n<li>Regime de contrata\u00e7\u00e3o de tipo: Efetivo \u2013 CLT<\/li>\n<li>Jornada: Per\u00edodo Integral<\/li>\n<li>\u00c1rea e especializa\u00e7\u00e3o profissional: Industrial, Produ\u00e7\u00e3o, F\u00e1brica &#8211; Produ\u00e7\u00e3o<\/li>\n<li>N\u00edvel hier\u00e1rquico: Operacional<\/li>\n<\/ul>\n<p>Escolaridade M\u00ednima: Ensino M\u00e9dio (2\u00ba Grau)<\/p>\n<ul>\n<li>Conv\u00eanio M\u00e9dico<\/li>\n<li>Conv\u00eanio Odontol\u00f3gico<\/li>\n<li>Refei\u00e7\u00e3o no local<\/li>\n<li>Estacionamento<\/li>\n<li>Aux\u00edlio farm\u00e1cia<\/li>\n<\/ul>\n","protected":false},"excerpt":{"rendered":"<p>Principais atribui\u00e7\u00f5es e responsabilidades do profissional: &#8211; Efetuar a dosagem das mat\u00e9rias primas nas quantidades requeridas pelo cart\u00e3o de produ\u00e7\u00e3o, em caso de necessidade e com supervis\u00e3o no tanque fixo; &#8211; Zelar pela qualidade dos produtos seguindo as instru\u00e7\u00f5es de trabalho contidas no manual de qualidade e no manual de procedimentos; &#8211; Zelar pela seguran\u00e7a [&hellip;]<\/p>\n","protected":false},"author":1,"featured_media":0,"comment_status":"open","ping_status":"open","sticky":false,"template":"","format":"standard","meta":{"footnotes":""},"categories":[21],"tags":[],"class_list":["post-4749","post","type-post","status-publish","format-standard","hentry","category-rio-de-janeiro-rj"],"_links":{"self":[{"href":"https:\/\/vagas.portalemprego.com.br\/index.php?rest_route=\/wp\/v2\/posts\/4749","targetHints":{"allow":["GET"]}}],"collection":[{"href":"https:\/\/vagas.portalemprego.com.br\/index.php?rest_route=\/wp\/v2\/posts"}],"about":[{"href":"https:\/\/vagas.portalemprego.com.br\/index.php?rest_route=\/wp\/v2\/types\/post"}],"author":[{"embeddable":true,"href":"https:\/\/vagas.portalemprego.com.br\/index.php?rest_route=\/wp\/v2\/users\/1"}],"replies":[{"embeddable":true,"href":"https:\/\/vagas.portalemprego.com.br\/index.php?rest_route=%2Fwp%2Fv2%2Fcomments&post=4749"}],"version-history":[{"count":0,"href":"https:\/\/vagas.portalemprego.com.br\/index.php?rest_route=\/wp\/v2\/posts\/4749\/revisions"}],"wp:attachment":[{"href":"https:\/\/vagas.portalemprego.com.br\/index.php?rest_route=%2Fwp%2Fv2%2Fmedia&parent=4749"}],"wp:term":[{"taxonomy":"category","embeddable":true,"href":"https:\/\/vagas.portalemprego.com.br\/index.php?rest_route=%2Fwp%2Fv2%2Fcategories&post=4749"},{"taxonomy":"post_tag","embeddable":true,"href":"https:\/\/vagas.portalemprego.com.br\/index.php?rest_route=%2Fwp%2Fv2%2Ftags&post=4749"}],"curies":[{"name":"wp","href":"https:\/\/api.w.org\/{rel}","templated":true}]}}