{"id":4750,"date":"2026-04-29T06:02:02","date_gmt":"2026-04-29T09:02:02","guid":{"rendered":"https:\/\/vagas.portalemprego.com.br\/?p=4750"},"modified":"2026-04-29T06:02:02","modified_gmt":"2026-04-29T09:02:02","slug":"gerente-comercial-de-categorias-ramo-pet-compras-rio-de-janeiro","status":"publish","type":"post","link":"https:\/\/vagas.portalemprego.com.br\/?p=4750","title":{"rendered":"Gerente Comercial de Categorias &#8211; Ramo Pet &#8211; Compras &#8211; Rio de Janeiro"},"content":{"rendered":"<p>Gerente Comercial \u2013 Voc\u00ea ser\u00e1 pe\u00e7a chave na prospec\u00e7\u00e3o e negocia\u00e7\u00e3o com nossos fornecedores!<\/p>\n<p>Buscamos um(a) Gerente Comercial de Categorias para atuar de forma estrat\u00e9gica e protagonista na gest\u00e3o e crescimento sustent\u00e1vel de categorias espec\u00edficas do neg\u00f3cio, sendo respons\u00e1vel por definir direcionamento comercial, impulsionar performance, rentabilidade e participa\u00e7\u00e3o de mercado, conectando dados, estrat\u00e9gia e execu\u00e7\u00e3o no varejo f\u00edsico e digital.<br \/>\nEssa posi\u00e7\u00e3o \u00e9 respons\u00e1vel por liderar a vis\u00e3o de categoria de ponta a ponta, atuando como refer\u00eancia interna para decis\u00f5es comerciais, precifica\u00e7\u00e3o, sortimento, negocia\u00e7\u00e3o com fornecedores e iniciativas de Trade Marketing, sempre com foco em resultado e crescimento escal\u00e1vel.<\/p>\n<p>Suas principais responsabilidades:<br \/>\nEstrat\u00e9gia Comercial e Performance de Categoria<br \/>\nDefinir a estrat\u00e9gia comercial das categorias sob sua responsabilidade, alinhada aos objetivos de crescimento, rentabilidade e posicionamento da empresa.<br \/>\nMonitorar e analisar os principais KPIs de performance da categoria (vendas, margem, giro, market share, sortimento, pricing e ruptura).<br \/>\nIdentificar oportunidades de crescimento a partir de dados de mercado, comportamento do consumidor e an\u00e1lises de sell-out e sell-in.<br \/>\nLiderar o desenvolvimento de planos estrat\u00e9gicos de categoria, transformando dados em decis\u00f5es comerciais acion\u00e1veis.<br \/>\nAvaliar tend\u00eancias de mercado, concorr\u00eancia e inova\u00e7\u00e3o, antecipando movimentos e oportunidades.<br \/>\nGest\u00e3o de Sortimento, Precifica\u00e7\u00e3o e Execu\u00e7\u00e3o<br \/>\nDefinir e revisar a matriz de sortimento ideal por formato de loja, cluster, canal (loja f\u00edsica e e-commerce) e perfil de consumidor.<br \/>\nConduzir decis\u00f5es estrat\u00e9gicas de precifica\u00e7\u00e3o, promo\u00e7\u00f5es e mix, equilibrando competitividade e rentabilidade.<br \/>\nDesenvolver, validar e acompanhar planogramas e layouts, garantindo m\u00e1xima visibilidade e giro dos produtos.<br \/>\nAssegurar a execu\u00e7\u00e3o da estrat\u00e9gia de categoria no ponto de venda, em parceria com times de opera\u00e7\u00f5es, trade e fornecedores.<br \/>\nNegocia\u00e7\u00e3o e Relacionamento com Fornecedores<br \/>\nAtuar de forma estrat\u00e9gica na negocia\u00e7\u00e3o com fornecedores-chave, buscando melhores condi\u00e7\u00f5es comerciais, verbas, a\u00e7\u00f5es promocionais e exclusividades.<br \/>\nConstruir e sustentar parcerias estrat\u00e9gicas, alinhando interesses comerciais e planos de crescimento de longo prazo.<br \/>\nAvaliar desempenho de fornecedores com base em indicadores de venda, margem, giro e execu\u00e7\u00e3o.<br \/>\nIntegra\u00e7\u00e3o com \u00c1reas Internas<br \/>\nAtuar de forma integrada com as \u00e1reas Comercial, Marketing, Trade Marketing, Opera\u00e7\u00f5es, E-commerce e Financeiro, garantindo alinhamento entre estrat\u00e9gia e execu\u00e7\u00e3o.<br \/>\nPreparar e conduzir apresenta\u00e7\u00f5es executivas com an\u00e1lises, resultados e recomenda\u00e7\u00f5es para diretoria e stakeholders internos.<br \/>\nSer a refer\u00eancia t\u00e9cnica e estrat\u00e9gica da categoria, apoiando tomadas de decis\u00e3o e prioriza\u00e7\u00f5es.<\/p>\n<p>Requisitos e Qualifica\u00e7\u00f5es:<br \/>\nForma\u00e7\u00e3o superior completa em Administra\u00e7\u00e3o, Marketing, Veterin\u00e1ria, Economia ou \u00e1reas correlatas.<br \/>\nExperi\u00eancia s\u00f3lida em gest\u00e3o comercial de categorias, gerenciamento de categoria, trade marketing ou \u00e1rea comercial, preferencialmente em varejo ou bens de consumo.<br \/>\nViv\u00eancia comprovada na an\u00e1lise de indicadores de performance, margem, giro, sortimento e pricing.<br \/>\nForte dom\u00ednio de Excel (an\u00e1lises, relat\u00f3rios, dashboards) e PowerPoint (apresenta\u00e7\u00f5es executivas).<br \/>\nPerfil anal\u00edtico, estrat\u00e9gico, orientado a resultados e com vis\u00e3o de neg\u00f3cio.<br \/>\nCapacidade de negocia\u00e7\u00e3o, influ\u00eancia e tomada de decis\u00e3o.<\/p>\n<p>Conhecimento no ramo Pet e forma\u00e7\u00e3o em Medicina Veterin\u00e1ria ser\u00e3o um diferencial!<\/p>\n<p>Sobre a vaga:<br \/>\nLocal: Av. Gerem\u00e1rio Dantas, 1407 &#8211; Freguesia, Jacarepagu\u00e1<br \/>\nRemunera\u00e7\u00e3o: R$ 6.000,00<br \/>\nModalidade: PJ<br \/>\nDisponibilidade: Segunda a sexta &#8211; Hor\u00e1rio comercial<\/p>\n<ul>\n<li>N\u00famero de vagas: 3<\/li>\n<li>Local de trabalho: Rio de Janeiro, RJ<\/li>\n<li>Regime de contrata\u00e7\u00e3o de tipo: Prestador de Servi\u00e7os (PJ)<\/li>\n<li>Jornada: Per\u00edodo Integral<\/li>\n<li>\u00c1rea e especializa\u00e7\u00e3o profissional: Compras &#8211; Compras<\/li>\n<li>N\u00edvel hier\u00e1rquico: Gerente<\/li>\n<\/ul>\n<p>VALORIZADO<\/p>\n<p>Tempo de experi\u00eancia: Entre 1 e 3 anos<\/p>\n<p>HABILIDADES<\/p>\n<ul>\n<li>Conhecimento do ramo pet<\/li>\n<li>Conhecimento do pacote office<\/li>\n<li>Boa flu\u00eancia verbal<\/li>\n<li>Medicina Veterin\u00e1ria<\/li>\n<li>Vis\u00e3o estrat\u00e9gica<\/li>\n<li>Pensamento anal\u00edtico<\/li>\n<li>Orienta\u00e7\u00e3o a resultado e rentabilidade<\/li>\n<li>Tomada de decis\u00e3o<\/li>\n<li>Capacidade de negocia\u00e7\u00e3o<\/li>\n<li>Protagonismo<\/li>\n<\/ul>\n<p>Escolaridade M\u00ednima: Ensino Superior<\/p>\n<p>Forma\u00e7\u00e3o desejada:<\/p>\n<ul>\n<li>Veterin\u00e1ria, Ensino Superior<\/li>\n<li>Administra\u00e7\u00e3o de empresas, Ensino Superior<\/li>\n<li>Processos Gerenciais, Ensino Superior<\/li>\n<\/ul>\n<ul>\n<li>Desconto de 20% em atendimentos para seu pet na CetraVet<\/li>\n<li>Bolsa de Estudos de at\u00e9 80% na Unicesumar, extens\u00edvel aos dependentes<\/li>\n<\/ul>\n<p>Sal\u00e1rio: 6000,0<\/p>\n","protected":false},"excerpt":{"rendered":"<p>Gerente Comercial \u2013 Voc\u00ea ser\u00e1 pe\u00e7a chave na prospec\u00e7\u00e3o e negocia\u00e7\u00e3o com nossos fornecedores! Buscamos um(a) Gerente Comercial de Categorias para atuar de forma estrat\u00e9gica e protagonista na gest\u00e3o e crescimento sustent\u00e1vel de categorias espec\u00edficas do neg\u00f3cio, sendo respons\u00e1vel por definir direcionamento comercial, impulsionar performance, rentabilidade e participa\u00e7\u00e3o de mercado, conectando dados, estrat\u00e9gia e execu\u00e7\u00e3o [&hellip;]<\/p>\n","protected":false},"author":1,"featured_media":0,"comment_status":"open","ping_status":"open","sticky":false,"template":"","format":"standard","meta":{"footnotes":""},"categories":[21],"tags":[],"class_list":["post-4750","post","type-post","status-publish","format-standard","hentry","category-rio-de-janeiro-rj"],"_links":{"self":[{"href":"https:\/\/vagas.portalemprego.com.br\/index.php?rest_route=\/wp\/v2\/posts\/4750","targetHints":{"allow":["GET"]}}],"collection":[{"href":"https:\/\/vagas.portalemprego.com.br\/index.php?rest_route=\/wp\/v2\/posts"}],"about":[{"href":"https:\/\/vagas.portalemprego.com.br\/index.php?rest_route=\/wp\/v2\/types\/post"}],"author":[{"embeddable":true,"href":"https:\/\/vagas.portalemprego.com.br\/index.php?rest_route=\/wp\/v2\/users\/1"}],"replies":[{"embeddable":true,"href":"https:\/\/vagas.portalemprego.com.br\/index.php?rest_route=%2Fwp%2Fv2%2Fcomments&post=4750"}],"version-history":[{"count":0,"href":"https:\/\/vagas.portalemprego.com.br\/index.php?rest_route=\/wp\/v2\/posts\/4750\/revisions"}],"wp:attachment":[{"href":"https:\/\/vagas.portalemprego.com.br\/index.php?rest_route=%2Fwp%2Fv2%2Fmedia&parent=4750"}],"wp:term":[{"taxonomy":"category","embeddable":true,"href":"https:\/\/vagas.portalemprego.com.br\/index.php?rest_route=%2Fwp%2Fv2%2Fcategories&post=4750"},{"taxonomy":"post_tag","embeddable":true,"href":"https:\/\/vagas.portalemprego.com.br\/index.php?rest_route=%2Fwp%2Fv2%2Ftags&post=4750"}],"curies":[{"name":"wp","href":"https:\/\/api.w.org\/{rel}","templated":true}]}}