{"id":4751,"date":"2026-04-29T06:02:02","date_gmt":"2026-04-29T09:02:02","guid":{"rendered":"https:\/\/vagas.portalemprego.com.br\/?p=4751"},"modified":"2026-04-29T06:02:02","modified_gmt":"2026-04-29T09:02:02","slug":"assistente-de-pos-venda-logistica-rio-de-janeiro","status":"publish","type":"post","link":"https:\/\/vagas.portalemprego.com.br\/?p=4751","title":{"rendered":"Assistente de P\u00f3s Venda &#8211; Log\u00edstica &#8211; Rio de Janeiro"},"content":{"rendered":"<p>Acompanhar pedidos ap\u00f3s a venda;<br \/>\nAtender clientes para esclarecimento de d\u00favidas, reclama\u00e7\u00f5es e solicita\u00e7\u00f5es;<br \/>\nAnalisar pedidos no sistema;<br \/>\nApoiar na emiss\u00e3o de notas fiscais;<br \/>\nPreencher planilha de controle interno;<br \/>\nAtender a clientes e representantes;<br \/>\nDigita\u00e7\u00e3o e libera\u00e7\u00e3o de pedidos.<\/p>\n<p>Local: Centro &#8211; RJ<br \/>\nEscala e hor\u00e1rio: De segunda \u00e0 sexta d\u00e1s 8h \u00e0s 17h48.<\/p>\n<ul>\n<li>Local de trabalho: Rio de Janeiro, RJ<\/li>\n<li>Regime de contrata\u00e7\u00e3o de tipo: Efetivo \u2013 CLT<\/li>\n<li>Jornada: Per\u00edodo Integral<\/li>\n<li>\u00c1rea e especializa\u00e7\u00e3o profissional: Log\u00edstica &#8211; Log\u00edstica<\/li>\n<li>N\u00edvel hier\u00e1rquico: Assistente<\/li>\n<\/ul>\n<p>HABILIDADES<\/p>\n<ul>\n<li>Ensino M\u00e9dio Completo<\/li>\n<li>Experi\u00eancia com p\u00f3s vendas e atendimento a cliente.<\/li>\n<li>Experi\u00eancia com distribuidora, industrias, fabricas, etc.<\/li>\n<li>Excel Intermedi\u00e1rio<\/li>\n<li>Desej\u00e1vel conhecimento de Protheus.<\/li>\n<\/ul>\n<p>Escolaridade M\u00ednima: Ensino M\u00e9dio (2\u00ba Grau)<\/p>\n<ul>\n<li>Plano Odontol\u00f3gico<\/li>\n<li>Plano de Sa\u00fade<\/li>\n<li>VR<\/li>\n<li>VA<\/li>\n<li>VT<\/li>\n<\/ul>\n<p>Sal\u00e1rio: 2000,0<\/p>\n","protected":false},"excerpt":{"rendered":"<p>Acompanhar pedidos ap\u00f3s a venda; Atender clientes para esclarecimento de d\u00favidas, reclama\u00e7\u00f5es e solicita\u00e7\u00f5es; Analisar pedidos no sistema; Apoiar na emiss\u00e3o de notas fiscais; Preencher planilha de controle interno; Atender a clientes e representantes; Digita\u00e7\u00e3o e libera\u00e7\u00e3o de pedidos. Local: Centro &#8211; RJ Escala e hor\u00e1rio: De segunda \u00e0 sexta d\u00e1s 8h \u00e0s 17h48. Local [&hellip;]<\/p>\n","protected":false},"author":1,"featured_media":0,"comment_status":"open","ping_status":"open","sticky":false,"template":"","format":"standard","meta":{"footnotes":""},"categories":[21],"tags":[],"class_list":["post-4751","post","type-post","status-publish","format-standard","hentry","category-rio-de-janeiro-rj"],"_links":{"self":[{"href":"https:\/\/vagas.portalemprego.com.br\/index.php?rest_route=\/wp\/v2\/posts\/4751","targetHints":{"allow":["GET"]}}],"collection":[{"href":"https:\/\/vagas.portalemprego.com.br\/index.php?rest_route=\/wp\/v2\/posts"}],"about":[{"href":"https:\/\/vagas.portalemprego.com.br\/index.php?rest_route=\/wp\/v2\/types\/post"}],"author":[{"embeddable":true,"href":"https:\/\/vagas.portalemprego.com.br\/index.php?rest_route=\/wp\/v2\/users\/1"}],"replies":[{"embeddable":true,"href":"https:\/\/vagas.portalemprego.com.br\/index.php?rest_route=%2Fwp%2Fv2%2Fcomments&post=4751"}],"version-history":[{"count":0,"href":"https:\/\/vagas.portalemprego.com.br\/index.php?rest_route=\/wp\/v2\/posts\/4751\/revisions"}],"wp:attachment":[{"href":"https:\/\/vagas.portalemprego.com.br\/index.php?rest_route=%2Fwp%2Fv2%2Fmedia&parent=4751"}],"wp:term":[{"taxonomy":"category","embeddable":true,"href":"https:\/\/vagas.portalemprego.com.br\/index.php?rest_route=%2Fwp%2Fv2%2Fcategories&post=4751"},{"taxonomy":"post_tag","embeddable":true,"href":"https:\/\/vagas.portalemprego.com.br\/index.php?rest_route=%2Fwp%2Fv2%2Ftags&post=4751"}],"curies":[{"name":"wp","href":"https:\/\/api.w.org\/{rel}","templated":true}]}}