{"id":4755,"date":"2026-04-29T06:02:02","date_gmt":"2026-04-29T09:02:02","guid":{"rendered":"https:\/\/vagas.portalemprego.com.br\/?p=4755"},"modified":"2026-04-29T06:02:02","modified_gmt":"2026-04-29T09:02:02","slug":"supervisor-de-recursos-humanos-recursos-humanos-duque-de-caxias","status":"publish","type":"post","link":"https:\/\/vagas.portalemprego.com.br\/?p=4755","title":{"rendered":"Supervisor de Recursos Humanos &#8211; Recursos Humanos &#8211; Duque de Caxias"},"content":{"rendered":"<p>Cargo: Supervisor de Recursos Humanos<br \/>\nLocal de Atua\u00e7\u00e3o: Rio de Janeiro<br \/>\nModelo de Trabalho:<br \/>\nH\u00edbrido, com visitas frequentes a clientes<br \/>\nModelo de Contrata\u00e7\u00e3o:<br \/>\nCLT \u2013 Efetivo ou PJ<br \/>\nSal\u00e1rio:<br \/>\nA combinar (pretens\u00e3o salarial)<br \/>\nBenef\u00edcios:<br \/>\nAux\u00edlio Combust\u00edvel<br \/>\nVale Alimenta\u00e7\u00e3o<br \/>\nCesta B\u00e1sica<br \/>\nConv\u00eanio M\u00e9dico e Odontol\u00f3gico<br \/>\nTotalPass<br \/>\nDay Off<br \/>\nDesconto em universidades parceiras<br \/>\nCelular corporativo<br \/>\nPremia\u00e7\u00f5es por desempenho<br \/>\nPrincipais Responsabilidades:<br \/>\nAtua\u00e7\u00e3o generalista em Recursos Humanos, com foco em opera\u00e7\u00f5es e Recrutamento e Sele\u00e7\u00e3o;<br \/>\nGest\u00e3o de equipes e acompanhamento de indicadores de RH;<br \/>\nDesenvolvimento e execu\u00e7\u00e3o de estrat\u00e9gias de capta\u00e7\u00e3o de talentos;<br \/>\nGest\u00e3o de funil de recrutamento, garantindo efici\u00eancia e qualidade nas entregas;<br \/>\nAtua\u00e7\u00e3o com alto volume de vagas operacionais e de log\u00edstica;<br \/>\nInterface direta com clientes, garantindo alinhamento de expectativas e resultados;<br \/>\nAcompanhamento de rotinas administrativas e de gest\u00e3o de pessoas.<br \/>\nRequisitos:<br \/>\nForma\u00e7\u00e3o superior em \u00e1reas correlatas a Recursos Humanos;<br \/>\nExperi\u00eancia s\u00f3lida como RH generalista;<br \/>\nViv\u00eancia com gest\u00e3o de pessoas e indicadores;<br \/>\nExperi\u00eancia com alto volume de vagas operacionais\/log\u00edsticas;<br \/>\nDisponibilidade para viagens;<br \/>\nPossuir ve\u00edculo pr\u00f3prio para locomo\u00e7\u00e3o;<br \/>\nFacilidade de acesso \u00e0 regi\u00e3o de Santa Genoveva \u2013 Goi\u00e2nia\/GO.<\/p>\n<ul>\n<li>Local de trabalho: Duque de Caxias, RJ<\/li>\n<li>Regime de contrata\u00e7\u00e3o de tipo: Efetivo \u2013 CLT<\/li>\n<li>Jornada: Per\u00edodo Integral<\/li>\n<li>\u00c1rea e especializa\u00e7\u00e3o profissional: Recursos Humanos &#8211; Recursos Humanos (Generalista)<\/li>\n<li>N\u00edvel hier\u00e1rquico: Supervisor<\/li>\n<\/ul>\n<p>VALORIZADO<\/p>\n<p>Tempo de experi\u00eancia: Entre 1 e 3 anos<\/p>\n<p>HABILIDADES<\/p>\n<ul>\n<li>Microsoft Excel<\/li>\n<\/ul>\n<p>Escolaridade M\u00ednima: Ensino Superior<\/p>\n<p>Habilita\u00e7\u00e3o para dirigir: B<\/p>\n<p>Ve\u00edculo pr\u00f3prio<\/p>\n<p>Disponibilidade para viajar<\/p>\n","protected":false},"excerpt":{"rendered":"<p>Cargo: Supervisor de Recursos Humanos Local de Atua\u00e7\u00e3o: Rio de Janeiro Modelo de Trabalho: H\u00edbrido, com visitas frequentes a clientes Modelo de Contrata\u00e7\u00e3o: CLT \u2013 Efetivo ou PJ Sal\u00e1rio: A combinar (pretens\u00e3o salarial) Benef\u00edcios: Aux\u00edlio Combust\u00edvel Vale Alimenta\u00e7\u00e3o Cesta B\u00e1sica Conv\u00eanio M\u00e9dico e Odontol\u00f3gico TotalPass Day Off Desconto em universidades parceiras Celular corporativo Premia\u00e7\u00f5es por [&hellip;]<\/p>\n","protected":false},"author":1,"featured_media":0,"comment_status":"open","ping_status":"open","sticky":false,"template":"","format":"standard","meta":{"footnotes":""},"categories":[21],"tags":[],"class_list":["post-4755","post","type-post","status-publish","format-standard","hentry","category-rio-de-janeiro-rj"],"_links":{"self":[{"href":"https:\/\/vagas.portalemprego.com.br\/index.php?rest_route=\/wp\/v2\/posts\/4755","targetHints":{"allow":["GET"]}}],"collection":[{"href":"https:\/\/vagas.portalemprego.com.br\/index.php?rest_route=\/wp\/v2\/posts"}],"about":[{"href":"https:\/\/vagas.portalemprego.com.br\/index.php?rest_route=\/wp\/v2\/types\/post"}],"author":[{"embeddable":true,"href":"https:\/\/vagas.portalemprego.com.br\/index.php?rest_route=\/wp\/v2\/users\/1"}],"replies":[{"embeddable":true,"href":"https:\/\/vagas.portalemprego.com.br\/index.php?rest_route=%2Fwp%2Fv2%2Fcomments&post=4755"}],"version-history":[{"count":0,"href":"https:\/\/vagas.portalemprego.com.br\/index.php?rest_route=\/wp\/v2\/posts\/4755\/revisions"}],"wp:attachment":[{"href":"https:\/\/vagas.portalemprego.com.br\/index.php?rest_route=%2Fwp%2Fv2%2Fmedia&parent=4755"}],"wp:term":[{"taxonomy":"category","embeddable":true,"href":"https:\/\/vagas.portalemprego.com.br\/index.php?rest_route=%2Fwp%2Fv2%2Fcategories&post=4755"},{"taxonomy":"post_tag","embeddable":true,"href":"https:\/\/vagas.portalemprego.com.br\/index.php?rest_route=%2Fwp%2Fv2%2Ftags&post=4755"}],"curies":[{"name":"wp","href":"https:\/\/api.w.org\/{rel}","templated":true}]}}