{"id":4756,"date":"2026-04-29T06:02:02","date_gmt":"2026-04-29T09:02:02","guid":{"rendered":"https:\/\/vagas.portalemprego.com.br\/?p=4756"},"modified":"2026-04-29T06:02:02","modified_gmt":"2026-04-29T09:02:02","slug":"consultor-de-vendas-externo-caminhoes-comercial-vendas-rio-de-janeiro","status":"publish","type":"post","link":"https:\/\/vagas.portalemprego.com.br\/?p=4756","title":{"rendered":"Consultor de Vendas Externo &#8211; Caminh\u00f5es &#8211; Comercial, Vendas &#8211; Rio de Janeiro"},"content":{"rendered":"<p>?? Venha fazer parte do #GrupoAB!<br \/>\nCom quase 60 anos de hist\u00f3ria no mercado automotivo, o Grupo AB representa algumas das principais marcas de autom\u00f3veis, caminh\u00f5es, \u00f4nibus e motocicletas do Brasil. Hoje somos quase mil colaboradores, comprometidos em cumprir cada compromisso assumido com nossos clientes e em entregar sempre a melhor experi\u00eancia.<br \/>\nEntre as montadoras que confiam ao Grupo AB a responsabilidade de comercializar seus produtos est\u00e3o: Volkswagen, Honda, Mercedes-Benz, Volvo, Nissan, BYD, Triumph, Harley-Davidson e MAN\/Volkswagen Caminh\u00f5es e \u00d4nibus. ?????????<br \/>\nEstamos com nosso Banco de Talentos aberto para Consultor de Vendas de Ve\u00edculos Externo!<br \/>\nSe voc\u00ea tem perfil comercial, gosta de desafios, \u00e9 movido por metas e busca crescimento profissional, essa pode ser a sua oportunidade de fazer parte de um grande grupo do setor automotivo. ??<br \/>\n?? Regi\u00f5es de atua\u00e7\u00e3o:<br \/>\n Itabora\u00ed | Niter\u00f3i\/S\u00e3o Gon\u00e7alo | Centro | Zona Oeste | Baixada Fluminense<br \/>\n?? Principais responsabilidades:<br \/>\n \u2022 Realizar prospec\u00e7\u00e3o ativa de clientes e convers\u00e3o de leads, buscando oportunidades de novos neg\u00f3cios;<br \/>\n \u2022 Atuar externamente explorando a regi\u00e3o com visitas peri\u00f3dicas a clientes da base e novos prospects;<br \/>\n \u2022 Prospectar vendas de ve\u00edculos seminovos, cotas de cons\u00f3rcio e loca\u00e7\u00e3o de ve\u00edculos;<br \/>\n \u2022 Acompanhar todo o processo de vendas, da negocia\u00e7\u00e3o at\u00e9 a entrega do ve\u00edculo ao cliente;<br \/>\n \u2022 Utilizar e interagir com m\u00eddias sociais como ferramenta de prospec\u00e7\u00e3o e relacionamento;<br \/>\n \u2022 Identificar as necessidades dos clientes e apresentar as melhores solu\u00e7\u00f5es em mobilidade;<br \/>\n \u2022 Acompanhar pr\u00e1ticas comerciais da concorr\u00eancia para identificar novas oportunidades de neg\u00f3cios.<br \/>\n? Requisitos:<br \/>\n \u2022 Experi\u00eancia comprovada na fun\u00e7\u00e3o (registro em CTPS);<br \/>\n \u2022 Boa comunica\u00e7\u00e3o verbal e escrita;<br \/>\n \u2022 Perfil comercial com habilidade de negocia\u00e7\u00e3o;<br \/>\n \u2022 Facilidade para trabalhar com metas e resultados.<br \/>\n?? Forma de trabalho: Presencial<br \/>\n ?? Cidade: Rio de Janeiro (regi\u00f5es mencionadas)<br \/>\n ? Hor\u00e1rio: Segunda a s\u00e1bado, das 08h \u00e0s 18h (com 1h12 de almo\u00e7o)<br \/>\n? Se voc\u00ea \u00e9 apaixonado por vendas e quer crescer em um dos maiores grupos do setor automotivo, venha acelerar sua carreira com o Grupo AB!<\/p>\n<ul>\n<li>N\u00famero de vagas: 7<\/li>\n<li>Local de trabalho: Rio de Janeiro, RJ<\/li>\n<li>Regime de contrata\u00e7\u00e3o de tipo: Efetivo \u2013 CLT<\/li>\n<li>Jornada: Per\u00edodo Integral<\/li>\n<li>\u00c1rea e especializa\u00e7\u00e3o profissional: Comercial, Vendas &#8211; Venda Externa<\/li>\n<li>N\u00edvel hier\u00e1rquico: Especialista<\/li>\n<\/ul>\n<p>VALORIZADO<\/p>\n<p>Tempo de experi\u00eancia: Entre 1 e 3 anos<\/p>\n<p>Escolaridade M\u00ednima: Ensino M\u00e9dio (2\u00ba Grau)<\/p>\n<p>Habilita\u00e7\u00e3o para dirigir: C, D, B<\/p>\n<p>Ve\u00edculo pr\u00f3prio<\/p>\n<p>Disponibilidade para viajar<\/p>\n<ul>\n<li>Vale-refei\u00e7\u00e3o ou Alimenta\u00e7\u00e3o no local<\/li>\n<li>Vale-alimenta\u00e7\u00e3o<\/li>\n<li>Desconto em Farm\u00e1cias<\/li>\n<li>Aux\u00edlio Natalidade<\/li>\n<li>Plano Odontol\u00f3gico<\/li>\n<li>Seguro de Vida<\/li>\n<li>Aux\u00edlio funeral<\/li>\n<li>Conv\u00eanio com o SESC<\/li>\n<\/ul>\n","protected":false},"excerpt":{"rendered":"<p>?? Venha fazer parte do #GrupoAB! Com quase 60 anos de hist\u00f3ria no mercado automotivo, o Grupo AB representa algumas das principais marcas de autom\u00f3veis, caminh\u00f5es, \u00f4nibus e motocicletas do Brasil. Hoje somos quase mil colaboradores, comprometidos em cumprir cada compromisso assumido com nossos clientes e em entregar sempre a melhor experi\u00eancia. Entre as montadoras [&hellip;]<\/p>\n","protected":false},"author":1,"featured_media":0,"comment_status":"open","ping_status":"open","sticky":false,"template":"","format":"standard","meta":{"footnotes":""},"categories":[21],"tags":[],"class_list":["post-4756","post","type-post","status-publish","format-standard","hentry","category-rio-de-janeiro-rj"],"_links":{"self":[{"href":"https:\/\/vagas.portalemprego.com.br\/index.php?rest_route=\/wp\/v2\/posts\/4756","targetHints":{"allow":["GET"]}}],"collection":[{"href":"https:\/\/vagas.portalemprego.com.br\/index.php?rest_route=\/wp\/v2\/posts"}],"about":[{"href":"https:\/\/vagas.portalemprego.com.br\/index.php?rest_route=\/wp\/v2\/types\/post"}],"author":[{"embeddable":true,"href":"https:\/\/vagas.portalemprego.com.br\/index.php?rest_route=\/wp\/v2\/users\/1"}],"replies":[{"embeddable":true,"href":"https:\/\/vagas.portalemprego.com.br\/index.php?rest_route=%2Fwp%2Fv2%2Fcomments&post=4756"}],"version-history":[{"count":0,"href":"https:\/\/vagas.portalemprego.com.br\/index.php?rest_route=\/wp\/v2\/posts\/4756\/revisions"}],"wp:attachment":[{"href":"https:\/\/vagas.portalemprego.com.br\/index.php?rest_route=%2Fwp%2Fv2%2Fmedia&parent=4756"}],"wp:term":[{"taxonomy":"category","embeddable":true,"href":"https:\/\/vagas.portalemprego.com.br\/index.php?rest_route=%2Fwp%2Fv2%2Fcategories&post=4756"},{"taxonomy":"post_tag","embeddable":true,"href":"https:\/\/vagas.portalemprego.com.br\/index.php?rest_route=%2Fwp%2Fv2%2Ftags&post=4756"}],"curies":[{"name":"wp","href":"https:\/\/api.w.org\/{rel}","templated":true}]}}