{"id":4759,"date":"2026-04-29T06:02:02","date_gmt":"2026-04-29T09:02:02","guid":{"rendered":"https:\/\/vagas.portalemprego.com.br\/?p=4759"},"modified":"2026-04-29T06:02:02","modified_gmt":"2026-04-29T09:02:02","slug":"videomaker-comunicacao-tv-cinema-rio-de-janeiro-2","status":"publish","type":"post","link":"https:\/\/vagas.portalemprego.com.br\/?p=4759","title":{"rendered":"Videomaker &#8211; Comunica\u00e7\u00e3o, TV, Cinema &#8211; Rio de Janeiro"},"content":{"rendered":"<p>A Click Talentos RH busca um Videomaker para atuar de forma presencial em uma empresa focada na \u00e1rea da beleza, reconhecida por seu posicionamento premium, forte presen\u00e7a digital e atua\u00e7\u00e3o em educa\u00e7\u00e3o, eventos e marca pessoal.<br \/>\nResumo da Fun\u00e7\u00e3o<br \/>\nO Videomaker ser\u00e1 respons\u00e1vel pela cria\u00e7\u00e3o, capta\u00e7\u00e3o e edi\u00e7\u00e3o de conte\u00fados audiovisuais institucionais e digitais, garantindo qualidade t\u00e9cnica, est\u00e9tica e narrativa alinhadas \u00e0 cultura da empresa, atuando de forma colaborativa e orientada a resultados.<br \/>\nAtividades da posi\u00e7\u00e3o<br \/>\nRealizar a edi\u00e7\u00e3o de v\u00eddeos institucionais, comerciais, educacionais e conte\u00fados para redes sociais, assegurando clareza e impacto visual.<br \/>\nCaptar imagens internas e externas, operando c\u00e2mera, ilumina\u00e7\u00e3o e \u00e1udio conforme as necessidades de cada produ\u00e7\u00e3o.<br \/>\nDesenvolver montagens din\u00e2micas, vinhetas, anima\u00e7\u00f5es simples e motion graphics quando necess\u00e1rio.<br \/>\nAjustar cor, \u00e1udio e ritmo dos v\u00eddeos, garantindo padr\u00e3o t\u00e9cnico elevado e consist\u00eancia est\u00e9tica.<br \/>\nUtilizar recursos b\u00e1sicos de Intelig\u00eancia Artificial para otimizar fluxos de edi\u00e7\u00e3o e p\u00f3s-produ\u00e7\u00e3o.<br \/>\nOrganizar arquivos, materiais brutos e entreg\u00e1veis, mantendo controle eficiente dos projetos e prazos.<br \/>\nRequisitos T\u00e9cnicos<br \/>\nDom\u00ednio do pacote Adobe, especialmente Premiere, After Effects e Photoshop<br \/>\nExperi\u00eancia comprovada em capta\u00e7\u00e3o e edi\u00e7\u00e3o de v\u00eddeos internos e externos<br \/>\nConhecimento b\u00e1sico em ferramentas de Intelig\u00eancia Artificial aplicadas a v\u00eddeo e imagem<br \/>\nCapacidade de gerenciar m\u00faltiplos projetos e cumprir prazos simult\u00e2neos<br \/>\nDisponibilidade para trabalho presencial e eventuais viagens<br \/>\nRequisitos Comportamentais<br \/>\nCriatividade e olhar apurado para narrativas audiovisuais<br \/>\nProatividade e senso de responsabilidade<br \/>\nOrganiza\u00e7\u00e3o e aten\u00e7\u00e3o a detalhes<br \/>\nBoa comunica\u00e7\u00e3o e facilidade para trabalho em equipe<br \/>\nAdaptabilidade, resili\u00eancia e alinhamento com cultura focada em pessoas e resultados<\/p>\n<ul>\n<li>Local de trabalho: Rio de Janeiro, RJ<\/li>\n<li>Regime de contrata\u00e7\u00e3o de tipo: Prestador de Servi\u00e7os (PJ)<\/li>\n<li>Jornada: Per\u00edodo Integral<\/li>\n<li>\u00c1rea e especializa\u00e7\u00e3o profissional: Comunica\u00e7\u00e3o, TV, Cinema &#8211; Audiovisual<\/li>\n<li>N\u00edvel hier\u00e1rquico: Operacional<\/li>\n<\/ul>\n<p>Escolaridade M\u00ednima: Ensino M\u00e9dio (2\u00ba Grau)<\/p>\n<ul>\n<li>Ajuda de Custo<\/li>\n<\/ul>\n","protected":false},"excerpt":{"rendered":"<p>A Click Talentos RH busca um Videomaker para atuar de forma presencial em uma empresa focada na \u00e1rea da beleza, reconhecida por seu posicionamento premium, forte presen\u00e7a digital e atua\u00e7\u00e3o em educa\u00e7\u00e3o, eventos e marca pessoal. Resumo da Fun\u00e7\u00e3o O Videomaker ser\u00e1 respons\u00e1vel pela cria\u00e7\u00e3o, capta\u00e7\u00e3o e edi\u00e7\u00e3o de conte\u00fados audiovisuais institucionais e digitais, garantindo [&hellip;]<\/p>\n","protected":false},"author":1,"featured_media":0,"comment_status":"open","ping_status":"open","sticky":false,"template":"","format":"standard","meta":{"footnotes":""},"categories":[21],"tags":[],"class_list":["post-4759","post","type-post","status-publish","format-standard","hentry","category-rio-de-janeiro-rj"],"_links":{"self":[{"href":"https:\/\/vagas.portalemprego.com.br\/index.php?rest_route=\/wp\/v2\/posts\/4759","targetHints":{"allow":["GET"]}}],"collection":[{"href":"https:\/\/vagas.portalemprego.com.br\/index.php?rest_route=\/wp\/v2\/posts"}],"about":[{"href":"https:\/\/vagas.portalemprego.com.br\/index.php?rest_route=\/wp\/v2\/types\/post"}],"author":[{"embeddable":true,"href":"https:\/\/vagas.portalemprego.com.br\/index.php?rest_route=\/wp\/v2\/users\/1"}],"replies":[{"embeddable":true,"href":"https:\/\/vagas.portalemprego.com.br\/index.php?rest_route=%2Fwp%2Fv2%2Fcomments&post=4759"}],"version-history":[{"count":0,"href":"https:\/\/vagas.portalemprego.com.br\/index.php?rest_route=\/wp\/v2\/posts\/4759\/revisions"}],"wp:attachment":[{"href":"https:\/\/vagas.portalemprego.com.br\/index.php?rest_route=%2Fwp%2Fv2%2Fmedia&parent=4759"}],"wp:term":[{"taxonomy":"category","embeddable":true,"href":"https:\/\/vagas.portalemprego.com.br\/index.php?rest_route=%2Fwp%2Fv2%2Fcategories&post=4759"},{"taxonomy":"post_tag","embeddable":true,"href":"https:\/\/vagas.portalemprego.com.br\/index.php?rest_route=%2Fwp%2Fv2%2Ftags&post=4759"}],"curies":[{"name":"wp","href":"https:\/\/api.w.org\/{rel}","templated":true}]}}