{"id":4761,"date":"2026-04-29T06:03:03","date_gmt":"2026-04-29T09:03:03","guid":{"rendered":"https:\/\/vagas.portalemprego.com.br\/?p=4761"},"modified":"2026-04-29T06:03:03","modified_gmt":"2026-04-29T09:03:03","slug":"analista-em-seguranca-do-trabalho-sr-engenharia-rio-de-janeiro","status":"publish","type":"post","link":"https:\/\/vagas.portalemprego.com.br\/?p=4761","title":{"rendered":"Analista em Seguran\u00e7a do Trabalho Sr &#8211; Engenharia &#8211; Rio de Janeiro"},"content":{"rendered":"<p>O Grupo Seres em parceria com uma institui\u00e7\u00e3o no segmento farmac\u00eautico, seleciona profissional para atuar na fun\u00e7\u00e3o de Analista em Seguran\u00e7a do Trabalho Sr (Engenheiro).<br \/>\nIncentivamos candidaturas PCD, popula\u00e7\u00e3o negra, mulheres, LGBTQIAPN+.<\/p>\n<p>Pr\u00e9-requisitos:<br \/>\nEnsino Superior em Engenharia;<br \/>\nEspecializa\u00e7\u00e3o em Seguran\u00e7a do Trabalho;<br \/>\nViv\u00eancia em Ind\u00fastria Farmac\u00eautica, Qu\u00edmica e\/ou Farmoqu\u00edmica;<br \/>\nDesej\u00e1vel experi\u00eancia com gest\u00e3o de pessoas;<br \/>\nDesej\u00e1vel Ingl\u00eas Avan\u00e7ado;<br \/>\nDesej\u00e1vel conhecimento da NR01 e ISO 45001;<\/p>\n<p>Principais responsabilidades:<br \/>\nOrientar tecnicamente e\/ou exercer com conhecimento e dom\u00ednio especializado, as atividades e os processos de alta complexidade e criticidade sob sua responsabilidade na Divis\u00e3o de Seguran\u00e7a do Trabalho, atuando como facilitador e orientando os demais profissionais da \u00e1rea, definindo e validando, junto \u00e0 gest\u00e3o, diretrizes para o levantamento de dados, acompanhando todas as etapas do processo de elabora\u00e7\u00e3o, medi\u00e7\u00f5es, confer\u00eancia e resultados do PPRA\/PGR, LTCAT, LTI e LTP dos contratos de terceiriza\u00e7\u00e3o com m\u00e3o de obra residente em todos os campi de Farmanguinhos, realizando, sempre que necess\u00e1rio, visitas em campo com as empresas contratadas para avalia\u00e7\u00e3o e identifica\u00e7\u00e3o de riscos, estabelecendo as avalia\u00e7\u00f5es ambientais adequadas, desenvolvendo t\u00e9cnicas avan\u00e7adas de controle de riscos, definindo junto \u00e0 gest\u00e3o a aplica\u00e7\u00e3o correta de equipamentos de prote\u00e7\u00e3o, propondo e articulando medidas de preven\u00e7\u00e3o para eliminar, neutralizar ou reduzir les\u00f5es em trabalhadores e evitar danos a m\u00e1quinas, equipamentos, instala\u00e7\u00f5es e ao meio ambiente, fiscalizando processos internos para garantir conformidade com as normas de higiene e seguran\u00e7a, inspecionando ambientes e identificando condi\u00e7\u00f5es de insalubridade e\/ou periculosidade, elaborando pol\u00edticas e a\u00e7\u00f5es corretivas e preventivas, atuando na elabora\u00e7\u00e3o e apresenta\u00e7\u00e3o do plano de a\u00e7\u00e3o para mitiga\u00e7\u00e3o dos riscos mapeados no PGR, conduzindo sua implementa\u00e7\u00e3o pelas \u00e1reas envolvidas, propondo solu\u00e7\u00f5es inovadoras, apoiando a gest\u00e3o na tomada de decis\u00e3o estrat\u00e9gica, garantindo as entregas dentro dos prazos definidos, definindo crit\u00e9rios t\u00e9cnicos e validando a inser\u00e7\u00e3o de requisitos de Seguran\u00e7a do Trabalho em processos institucionais (PDPs, Chamadas P\u00fablicas, Termos de Refer\u00eancia, Avalia\u00e7\u00e3o de Plantas, Controle de Mudan\u00e7as e ERU), avaliando criticamente e registrando as ocorr\u00eancias, consolidando informa\u00e7\u00f5es para subsidiar a fiscaliza\u00e7\u00e3o contratual, analisando tecnicamente relat\u00f3rios e evid\u00eancias de execu\u00e7\u00e3o e recomendando medidas corretivas quando necess\u00e1rio, representando tecnicamente a \u00e1rea em reuni\u00f5es e discuss\u00f5es para assegurar a adequa\u00e7\u00e3o dos projetos aos padr\u00f5es de seguran\u00e7a e para a melhoria cont\u00ednua dos processos em alinhamento com a gest\u00e3o de Seguran\u00e7a do Trabalho da Institui\u00e7\u00e3o.<\/p>\n<p>Hor\u00e1rio de trabalho:<br \/>\n08h as 17h<br \/>\nSegunda a Sexta<\/p>\n<p>Local de trabalho:<br \/>\nJacarepagu\u00e1, RJ<\/p>\n<ul>\n<li>Local de trabalho: Rio de Janeiro, RJ<\/li>\n<li>Regime de contrata\u00e7\u00e3o de tipo: Efetivo \u2013 CLT<\/li>\n<li>Jornada: Per\u00edodo Integral<\/li>\n<li>\u00c1rea e especializa\u00e7\u00e3o profissional: Engenharia &#8211; Engenharia de Seguran\u00e7a do Trabalho<\/li>\n<li>N\u00edvel hier\u00e1rquico: Analista<\/li>\n<\/ul>\n<p>VALORIZADO<\/p>\n<p>Tempo de experi\u00eancia: Entre 5 e 10 anos<\/p>\n<p>HABILIDADES<\/p>\n<ul>\n<li>ingl\u00eas avan\u00e7ado<\/li>\n<li>pacote office<\/li>\n<li>ingl\u00eas intermedi\u00e1rio<\/li>\n<li>viv\u00eancia em ind\u00fastria farmac\u00eautica<\/li>\n<li>senioridade senior<\/li>\n<li>gest\u00e3o de pessoas<\/li>\n<\/ul>\n<p>Escolaridade M\u00ednima: Ensino Superior<\/p>\n<p>Forma\u00e7\u00e3o desejada:<\/p>\n<ul>\n<li>Engenharia t\u00e9cnica de obras p\u00fablicas, Ensino Superior<\/li>\n<li>Engenharia civil, Ensino Superior<\/li>\n<li>Engenharia ambiental, Ensino Superior<\/li>\n<\/ul>\n<ul>\n<li>Assist\u00eancia m\u00e9dica<\/li>\n<li>Assist\u00eancia odontol\u00f3gica<\/li>\n<li>Refei\u00e7\u00e3o no local<\/li>\n<li>Vale transporte<\/li>\n<\/ul>\n<p>Sal\u00e1rio: 10684,02<\/p>\n","protected":false},"excerpt":{"rendered":"<p>O Grupo Seres em parceria com uma institui\u00e7\u00e3o no segmento farmac\u00eautico, seleciona profissional para atuar na fun\u00e7\u00e3o de Analista em Seguran\u00e7a do Trabalho Sr (Engenheiro). Incentivamos candidaturas PCD, popula\u00e7\u00e3o negra, mulheres, LGBTQIAPN+. Pr\u00e9-requisitos: Ensino Superior em Engenharia; Especializa\u00e7\u00e3o em Seguran\u00e7a do Trabalho; Viv\u00eancia em Ind\u00fastria Farmac\u00eautica, Qu\u00edmica e\/ou Farmoqu\u00edmica; Desej\u00e1vel experi\u00eancia com gest\u00e3o de pessoas; [&hellip;]<\/p>\n","protected":false},"author":1,"featured_media":0,"comment_status":"open","ping_status":"open","sticky":false,"template":"","format":"standard","meta":{"footnotes":""},"categories":[21],"tags":[],"class_list":["post-4761","post","type-post","status-publish","format-standard","hentry","category-rio-de-janeiro-rj"],"_links":{"self":[{"href":"https:\/\/vagas.portalemprego.com.br\/index.php?rest_route=\/wp\/v2\/posts\/4761","targetHints":{"allow":["GET"]}}],"collection":[{"href":"https:\/\/vagas.portalemprego.com.br\/index.php?rest_route=\/wp\/v2\/posts"}],"about":[{"href":"https:\/\/vagas.portalemprego.com.br\/index.php?rest_route=\/wp\/v2\/types\/post"}],"author":[{"embeddable":true,"href":"https:\/\/vagas.portalemprego.com.br\/index.php?rest_route=\/wp\/v2\/users\/1"}],"replies":[{"embeddable":true,"href":"https:\/\/vagas.portalemprego.com.br\/index.php?rest_route=%2Fwp%2Fv2%2Fcomments&post=4761"}],"version-history":[{"count":0,"href":"https:\/\/vagas.portalemprego.com.br\/index.php?rest_route=\/wp\/v2\/posts\/4761\/revisions"}],"wp:attachment":[{"href":"https:\/\/vagas.portalemprego.com.br\/index.php?rest_route=%2Fwp%2Fv2%2Fmedia&parent=4761"}],"wp:term":[{"taxonomy":"category","embeddable":true,"href":"https:\/\/vagas.portalemprego.com.br\/index.php?rest_route=%2Fwp%2Fv2%2Fcategories&post=4761"},{"taxonomy":"post_tag","embeddable":true,"href":"https:\/\/vagas.portalemprego.com.br\/index.php?rest_route=%2Fwp%2Fv2%2Ftags&post=4761"}],"curies":[{"name":"wp","href":"https:\/\/api.w.org\/{rel}","templated":true}]}}