{"id":4762,"date":"2026-04-29T06:03:03","date_gmt":"2026-04-29T09:03:03","guid":{"rendered":"https:\/\/vagas.portalemprego.com.br\/?p=4762"},"modified":"2026-04-29T06:03:03","modified_gmt":"2026-04-29T09:03:03","slug":"gerente-de-loja-habibs-sao-goncalo-alimentacao-gastronomia-sao-goncalo-5","status":"publish","type":"post","link":"https:\/\/vagas.portalemprego.com.br\/?p=4762","title":{"rendered":"Gerente de Loja Habibs &#8211; S\u00c3O GON\u00c7ALO &#8211; Alimenta\u00e7\u00e3o \/ Gastronomia &#8211; S\u00e3o Gon\u00e7alo"},"content":{"rendered":"<p>Vaga: Gerente Principal \u2013 Habib\u2019s<br \/>\nEndere\u00e7o: R. Dr. Alfredo Backer, 196 &#8211; Mutondo<br \/>\nSal\u00e1rio: R$ 3.869,00<br \/>\nHor\u00e1rio: das 16h \u00e0s 00h20<br \/>\n Escala: 6&#215;1<br \/>\nBenef\u00edcios:<br \/>\nVale-transporte<br \/>\nRefei\u00e7\u00e3o no local<br \/>\nPremia\u00e7\u00f5es por desempenho<br \/>\nDescri\u00e7\u00e3o da fun\u00e7\u00e3o:<br \/>\n O Gerente Principal ser\u00e1 respons\u00e1vel pela gest\u00e3o geral da unidade, garantindo o bom funcionamento das opera\u00e7\u00f5es, o cumprimento de metas e a excel\u00eancia no atendimento ao cliente. Atuar\u00e1 diretamente na lideran\u00e7a da equipe, controle de indicadores e padroniza\u00e7\u00e3o dos processos conforme as diretrizes da rede.<\/p>\n<ul>\n<li>Local de trabalho: S\u00e3o Gon\u00e7alo, RJ<\/li>\n<li>Regime de contrata\u00e7\u00e3o de tipo: Efetivo \u2013 CLT<\/li>\n<li>Jornada: Parcial noites<\/li>\n<li>\u00c1rea e especializa\u00e7\u00e3o profissional: Alimenta\u00e7\u00e3o \/ Gastronomia &#8211; Lanchonete, Fast Food, Cafeteria<\/li>\n<li>N\u00edvel hier\u00e1rquico: Gerente<\/li>\n<\/ul>\n<p>Escolaridade M\u00ednima: Ensino Fundamental (1\u00ba grau)<\/p>\n<p>Sal\u00e1rio: 3869,0<\/p>\n","protected":false},"excerpt":{"rendered":"<p>Vaga: Gerente Principal \u2013 Habib\u2019s Endere\u00e7o: R. Dr. Alfredo Backer, 196 &#8211; Mutondo Sal\u00e1rio: R$ 3.869,00 Hor\u00e1rio: das 16h \u00e0s 00h20 Escala: 6&#215;1 Benef\u00edcios: Vale-transporte Refei\u00e7\u00e3o no local Premia\u00e7\u00f5es por desempenho Descri\u00e7\u00e3o da fun\u00e7\u00e3o: O Gerente Principal ser\u00e1 respons\u00e1vel pela gest\u00e3o geral da unidade, garantindo o bom funcionamento das opera\u00e7\u00f5es, o cumprimento de metas e [&hellip;]<\/p>\n","protected":false},"author":1,"featured_media":0,"comment_status":"open","ping_status":"open","sticky":false,"template":"","format":"standard","meta":{"footnotes":""},"categories":[21],"tags":[],"class_list":["post-4762","post","type-post","status-publish","format-standard","hentry","category-rio-de-janeiro-rj"],"_links":{"self":[{"href":"https:\/\/vagas.portalemprego.com.br\/index.php?rest_route=\/wp\/v2\/posts\/4762","targetHints":{"allow":["GET"]}}],"collection":[{"href":"https:\/\/vagas.portalemprego.com.br\/index.php?rest_route=\/wp\/v2\/posts"}],"about":[{"href":"https:\/\/vagas.portalemprego.com.br\/index.php?rest_route=\/wp\/v2\/types\/post"}],"author":[{"embeddable":true,"href":"https:\/\/vagas.portalemprego.com.br\/index.php?rest_route=\/wp\/v2\/users\/1"}],"replies":[{"embeddable":true,"href":"https:\/\/vagas.portalemprego.com.br\/index.php?rest_route=%2Fwp%2Fv2%2Fcomments&post=4762"}],"version-history":[{"count":0,"href":"https:\/\/vagas.portalemprego.com.br\/index.php?rest_route=\/wp\/v2\/posts\/4762\/revisions"}],"wp:attachment":[{"href":"https:\/\/vagas.portalemprego.com.br\/index.php?rest_route=%2Fwp%2Fv2%2Fmedia&parent=4762"}],"wp:term":[{"taxonomy":"category","embeddable":true,"href":"https:\/\/vagas.portalemprego.com.br\/index.php?rest_route=%2Fwp%2Fv2%2Fcategories&post=4762"},{"taxonomy":"post_tag","embeddable":true,"href":"https:\/\/vagas.portalemprego.com.br\/index.php?rest_route=%2Fwp%2Fv2%2Ftags&post=4762"}],"curies":[{"name":"wp","href":"https:\/\/api.w.org\/{rel}","templated":true}]}}