{"id":4766,"date":"2026-04-29T06:03:03","date_gmt":"2026-04-29T09:03:03","guid":{"rendered":"https:\/\/vagas.portalemprego.com.br\/?p=4766"},"modified":"2026-04-29T06:03:03","modified_gmt":"2026-04-29T09:03:03","slug":"marinheiro-auxiliar-de-conves-transportes-niteroi","status":"publish","type":"post","link":"https:\/\/vagas.portalemprego.com.br\/?p=4766","title":{"rendered":"Marinheiro Auxiliar de Conv\u00e9s &#8211; Transportes &#8211; Niter\u00f3i"},"content":{"rendered":"<p>Exerce atividades nas depend\u00eancias de Unidades Operacionais (UO), incluindo Portos e Terminais Aquavi\u00e1rios, regi\u00e3o Rio de Janeiro, operando equipamentos de conten\u00e7\u00e3o no atendimento de emerg\u00eancia no combate ao derrame de \u00f3leo no meio ambiente; realiza inspe\u00e7\u00f5es nas \u00e1reas mar\u00edtima e terrestre de instala\u00e7\u00f5es industriais de terminais de armazenamento e\/ou distribui\u00e7\u00e3o de petr\u00f3leo e derivados.<\/p>\n<ul>\n<li>N\u00famero de vagas: 2<\/li>\n<li>Local de trabalho: Niter\u00f3i, RJ<\/li>\n<li>Regime de contrata\u00e7\u00e3o de tipo: Efetivo \u2013 CLT<\/li>\n<li>Jornada: Per\u00edodo Integral<\/li>\n<li>\u00c1rea e especializa\u00e7\u00e3o profissional: Transportes &#8211; Marinheiro<\/li>\n<li>N\u00edvel hier\u00e1rquico: Operacional<\/li>\n<\/ul>\n<p>VALORIZADO<\/p>\n<p>Tempo de experi\u00eancia: Entre 3 e 5 anos<\/p>\n<p>HABILIDADES<\/p>\n<ul>\n<li>Certificado de Empilhadeira<\/li>\n<li>Certificado Dire\u00e7\u00e3o Defensiva<\/li>\n<li>Primeiros Socorros<\/li>\n<li>Disponibilidade de Hor\u00e1rio<\/li>\n<\/ul>\n<p>Escolaridade M\u00ednima: Ensino M\u00e9dio (2\u00ba Grau)<\/p>\n<p>Forma\u00e7\u00e3o desejada:<\/p>\n<ul>\n<li>Ensino M\u00e9dio (2\u00ba Grau)<\/li>\n<\/ul>\n<p>Habilita\u00e7\u00e3o para dirigir: B, D<\/p>\n<ul>\n<li>Totalpass<\/li>\n<li>Seguro de Vida<\/li>\n<li>Cart\u00e3o Farm\u00e1cia<\/li>\n<li>Assist\u00eancia odontol\u00f3gica<\/li>\n<li>Vale-refei\u00e7\u00e3o<\/li>\n<li>Vale-transporte<\/li>\n<li>Vale-alimenta\u00e7\u00e3o<\/li>\n<li>Assist\u00eancia m\u00e9dica<\/li>\n<\/ul>\n<p>Sal\u00e1rio: 1596,0<\/p>\n","protected":false},"excerpt":{"rendered":"<p>Exerce atividades nas depend\u00eancias de Unidades Operacionais (UO), incluindo Portos e Terminais Aquavi\u00e1rios, regi\u00e3o Rio de Janeiro, operando equipamentos de conten\u00e7\u00e3o no atendimento de emerg\u00eancia no combate ao derrame de \u00f3leo no meio ambiente; realiza inspe\u00e7\u00f5es nas \u00e1reas mar\u00edtima e terrestre de instala\u00e7\u00f5es industriais de terminais de armazenamento e\/ou distribui\u00e7\u00e3o de petr\u00f3leo e derivados. N\u00famero [&hellip;]<\/p>\n","protected":false},"author":1,"featured_media":0,"comment_status":"open","ping_status":"open","sticky":false,"template":"","format":"standard","meta":{"footnotes":""},"categories":[21],"tags":[],"class_list":["post-4766","post","type-post","status-publish","format-standard","hentry","category-rio-de-janeiro-rj"],"_links":{"self":[{"href":"https:\/\/vagas.portalemprego.com.br\/index.php?rest_route=\/wp\/v2\/posts\/4766","targetHints":{"allow":["GET"]}}],"collection":[{"href":"https:\/\/vagas.portalemprego.com.br\/index.php?rest_route=\/wp\/v2\/posts"}],"about":[{"href":"https:\/\/vagas.portalemprego.com.br\/index.php?rest_route=\/wp\/v2\/types\/post"}],"author":[{"embeddable":true,"href":"https:\/\/vagas.portalemprego.com.br\/index.php?rest_route=\/wp\/v2\/users\/1"}],"replies":[{"embeddable":true,"href":"https:\/\/vagas.portalemprego.com.br\/index.php?rest_route=%2Fwp%2Fv2%2Fcomments&post=4766"}],"version-history":[{"count":0,"href":"https:\/\/vagas.portalemprego.com.br\/index.php?rest_route=\/wp\/v2\/posts\/4766\/revisions"}],"wp:attachment":[{"href":"https:\/\/vagas.portalemprego.com.br\/index.php?rest_route=%2Fwp%2Fv2%2Fmedia&parent=4766"}],"wp:term":[{"taxonomy":"category","embeddable":true,"href":"https:\/\/vagas.portalemprego.com.br\/index.php?rest_route=%2Fwp%2Fv2%2Fcategories&post=4766"},{"taxonomy":"post_tag","embeddable":true,"href":"https:\/\/vagas.portalemprego.com.br\/index.php?rest_route=%2Fwp%2Fv2%2Ftags&post=4766"}],"curies":[{"name":"wp","href":"https:\/\/api.w.org\/{rel}","templated":true}]}}