{"id":4771,"date":"2026-04-29T06:03:03","date_gmt":"2026-04-29T09:03:03","guid":{"rendered":"https:\/\/vagas.portalemprego.com.br\/?p=4771"},"modified":"2026-04-29T06:03:03","modified_gmt":"2026-04-29T09:03:03","slug":"assistente-comercial-junior-comercial-vendas-rio-de-janeiro","status":"publish","type":"post","link":"https:\/\/vagas.portalemprego.com.br\/?p=4771","title":{"rendered":"Assistente Comercial J\u00fanior &#8211; Comercial, Vendas &#8211; Rio de Janeiro"},"content":{"rendered":"<p>Vaga: Inside Sales <\/p>\n<p>?? Local: Madureira (RJ) \u2013 Necess\u00e1rio ter f\u00e1cil acesso<br \/>\n Modelo: CLT &#8211; Presencial<br \/>\n?? Sal\u00e1rio Fixo: R$ 2.000,00 + Remunera\u00e7\u00e3o Vari\u00e1vel por comparecimento e faturamento<br \/>\n Benef\u00edcio: Vale Transporte<br \/>\n ?? Hor\u00e1rio:<br \/>\n \u2022 Segunda a Quinta: 09h \u00e0s 18h<br \/>\n \u2022 Sexta: 09h \u00e0s 17h<br \/>\nSobre a Posi\u00e7\u00e3o<\/p>\n<p>Estamos buscando uma profissional apaixonada por vendas, atendimento ao cliente e resultados! A pessoa ideal \u00e9 comunicativa, organizada, proativa e possui verdadeira habilidade para criar conex\u00e3o humana desde o primeiro contato.<br \/>\nResponsabilidades da Fun\u00e7\u00e3o<\/p>\n<p>\u2022 Abrir conversas com leads que j\u00e1 demonstraram interesse nos nossos produtos (sem liga\u00e7\u00f5es frias).<br \/>\n \u2022 Qualificar leads  e utilizar metodologias como SPIN Selling.<br \/>\n \u2022 Marcar avalia\u00e7\u00f5es presenciais e registrar todas as intera\u00e7\u00f5es no CRM.<br \/>\n \u2022 Organizar o fluxo de atendimentos: atendimento, vendas e follow-up.<br \/>\n \u2022 Usar ferramentas digitais como WhatsApp Web, CRM, planilhas e sistemas internos com agilidade.<br \/>\n \u2022 Trabalhar com ritmo, const\u00e2ncia e foco em metas di\u00e1rias.<br \/>\nRequisitos<br \/>\n\u00a0\u2022 Ensino m\u00e9dio completo<br \/>\n \u2022 Experi\u00eancia em vendas, Familiaridade\u00a0com\u00a0WhatsApp\u00a0Web,\u00a0CRM\u00a0e\u00a0planilhas<br \/>\n \u2022 Excelente comunica\u00e7\u00e3o, Perfil Vendedor<br \/>\n \u2022 Diferencial: viv\u00eancia em cl\u00ednica est\u00e9tica\/odontol\u00f3gica<\/p>\n<ul>\n<li>Local de trabalho: Rio de Janeiro, RJ<\/li>\n<li>Regime de contrata\u00e7\u00e3o de tipo: Efetivo \u2013 CLT<\/li>\n<li>Jornada: Per\u00edodo Integral<\/li>\n<li>\u00c1rea e especializa\u00e7\u00e3o profissional: Comercial, Vendas &#8211; Venda Externa<\/li>\n<li>N\u00edvel hier\u00e1rquico: Assistente<\/li>\n<\/ul>\n<p>VALORIZADO<\/p>\n<p>Tempo de experi\u00eancia: Entre 1 e 3 anos<\/p>\n<p>HABILIDADES<\/p>\n<ul>\n<li>Vendedor<\/li>\n<li>Atitude positiva<\/li>\n<li>Extrovertido<\/li>\n<\/ul>\n<p>Escolaridade M\u00ednima: Ensino M\u00e9dio (2\u00ba Grau)<\/p>\n<ul>\n<li>Vale transporte<\/li>\n<\/ul>\n<p>Sal\u00e1rio: 2001,0<\/p>\n","protected":false},"excerpt":{"rendered":"<p>Vaga: Inside Sales ?? Local: Madureira (RJ) \u2013 Necess\u00e1rio ter f\u00e1cil acesso Modelo: CLT &#8211; Presencial ?? Sal\u00e1rio Fixo: R$ 2.000,00 + Remunera\u00e7\u00e3o Vari\u00e1vel por comparecimento e faturamento Benef\u00edcio: Vale Transporte ?? Hor\u00e1rio: \u2022 Segunda a Quinta: 09h \u00e0s 18h \u2022 Sexta: 09h \u00e0s 17h Sobre a Posi\u00e7\u00e3o Estamos buscando uma profissional apaixonada por vendas, [&hellip;]<\/p>\n","protected":false},"author":1,"featured_media":0,"comment_status":"open","ping_status":"open","sticky":false,"template":"","format":"standard","meta":{"footnotes":""},"categories":[21],"tags":[],"class_list":["post-4771","post","type-post","status-publish","format-standard","hentry","category-rio-de-janeiro-rj"],"_links":{"self":[{"href":"https:\/\/vagas.portalemprego.com.br\/index.php?rest_route=\/wp\/v2\/posts\/4771","targetHints":{"allow":["GET"]}}],"collection":[{"href":"https:\/\/vagas.portalemprego.com.br\/index.php?rest_route=\/wp\/v2\/posts"}],"about":[{"href":"https:\/\/vagas.portalemprego.com.br\/index.php?rest_route=\/wp\/v2\/types\/post"}],"author":[{"embeddable":true,"href":"https:\/\/vagas.portalemprego.com.br\/index.php?rest_route=\/wp\/v2\/users\/1"}],"replies":[{"embeddable":true,"href":"https:\/\/vagas.portalemprego.com.br\/index.php?rest_route=%2Fwp%2Fv2%2Fcomments&post=4771"}],"version-history":[{"count":0,"href":"https:\/\/vagas.portalemprego.com.br\/index.php?rest_route=\/wp\/v2\/posts\/4771\/revisions"}],"wp:attachment":[{"href":"https:\/\/vagas.portalemprego.com.br\/index.php?rest_route=%2Fwp%2Fv2%2Fmedia&parent=4771"}],"wp:term":[{"taxonomy":"category","embeddable":true,"href":"https:\/\/vagas.portalemprego.com.br\/index.php?rest_route=%2Fwp%2Fv2%2Fcategories&post=4771"},{"taxonomy":"post_tag","embeddable":true,"href":"https:\/\/vagas.portalemprego.com.br\/index.php?rest_route=%2Fwp%2Fv2%2Ftags&post=4771"}],"curies":[{"name":"wp","href":"https:\/\/api.w.org\/{rel}","templated":true}]}}