{"id":4772,"date":"2026-04-29T06:03:03","date_gmt":"2026-04-29T09:03:03","guid":{"rendered":"https:\/\/vagas.portalemprego.com.br\/?p=4772"},"modified":"2026-04-29T06:03:03","modified_gmt":"2026-04-29T09:03:03","slug":"oficial-de-rede-informatica-ti-telecomunicacoes-sao-joao-de-meriti-2","status":"publish","type":"post","link":"https:\/\/vagas.portalemprego.com.br\/?p=4772","title":{"rendered":"Oficial de Rede &#8211; Inform\u00e1tica, TI, Telecomunica\u00e7\u00f5es &#8211; S\u00e3o Jo\u00e3o de Meriti"},"content":{"rendered":"<p>Descri\u00e7\u00e3o da vaga: Profissional para atuar na equipe de lan\u00e7amento de cabos opticos e equipagem de postes para constru\u00e7\u00e3o de redes GPON<\/p>\n<p>Forma\u00e7\u00e3o: 2\u00ba grau completo. Forma\u00e7\u00e3o t\u00e9cnica \u00e9 um diferencial.<\/p>\n<p>Experiencia necess\u00e1ria:<br \/>\n&#8211; Viv\u00eancia em constru\u00e7\u00e3o de rede optica com lan\u00e7amento de cabos opticos e equipagem de postes<br \/>\n&#8211; Conhecimento em procedimentos de seguran\u00e7a de constru\u00e7\u00e3o em campo (refer\u00eancia NR10 e 35) e uso de EPIs<br \/>\n&#8211; Conhecimento em medi\u00e7\u00e3o de produ\u00e7\u00e3o de obras<br \/>\n&#8211; Conhecimento constru\u00e7\u00e3o de caixas subterr\u00e2neas<br \/>\n&#8211; Conhecimento em rede GPON<br \/>\n&#8211; ter subido em postes para lan\u00e7amento de cabos<\/p>\n<p>Atividades a serem desenvolvidas:<br \/>\n&#8211; Instalar ferragens nos postes<br \/>\n&#8211; Lan\u00e7ar cabos \u00f3pticos a\u00e9reo ou subterraneo<br \/>\n&#8211; Fixar os cabos nas ferragens<br \/>\n&#8211; Atuar na passagem e reparo de cabos \u00f3ptico<br \/>\n&#8211; Realizar manuten\u00e7\u00f5es corretivas de redes optica<\/p>\n<p>Tipo de atua\u00e7\u00e3o: em campo presencial no Rio de Janeiro, com alguma possibilidade de viagens no estado do RJ<br \/>\nLocal: Rio de Janeiro &#8211; RJ<br \/>\nHor\u00e1rio: 08:00 as 17:00hs com 1 hora de almo\u00e7o<\/p>\n<ul>\n<li>N\u00famero de vagas: 2<\/li>\n<li>Local de trabalho: S\u00e3o Jo\u00e3o de Meriti, RJ<\/li>\n<li>Regime de contrata\u00e7\u00e3o de tipo: Efetivo \u2013 CLT<\/li>\n<li>Jornada: Per\u00edodo Integral<\/li>\n<li>\u00c1rea e especializa\u00e7\u00e3o profissional: Inform\u00e1tica, TI, Telecomunica\u00e7\u00f5es &#8211; Telecomunica\u00e7\u00f5es<\/li>\n<li>N\u00edvel hier\u00e1rquico: Operacional<\/li>\n<\/ul>\n<p>HABILIDADES<\/p>\n<ul>\n<li>trabalhar em ambiente de press\u00e3o<\/li>\n<li>pontualidade<\/li>\n<li>pro ativo<\/li>\n<li>organizado<\/li>\n<li>bom relacionamento interpessoal<\/li>\n<\/ul>\n<p>Escolaridade M\u00ednima: Ensino M\u00e9dio (2\u00ba Grau)<\/p>\n<p>Forma\u00e7\u00e3o desejada:<\/p>\n<ul>\n<li>Telecomunica\u00e7\u00f5es, Curso T\u00e9cnico<\/li>\n<li>Eletr\u00f4nica, Curso T\u00e9cnico<\/li>\n<\/ul>\n<p>Disponibilidade para viajar<\/p>\n<ul>\n<li>VT<\/li>\n<li>VR\/ou VA<\/li>\n<li>Programa de Atendimento ao Empregado (PAE)<\/li>\n<li>Auxilio PcD<\/li>\n<li>Aux\u00edlio Creche<\/li>\n<li>Plano Odontol\u00f3gico<\/li>\n<li>Plano de Sa\u00fade<\/li>\n<\/ul>\n","protected":false},"excerpt":{"rendered":"<p>Descri\u00e7\u00e3o da vaga: Profissional para atuar na equipe de lan\u00e7amento de cabos opticos e equipagem de postes para constru\u00e7\u00e3o de redes GPON Forma\u00e7\u00e3o: 2\u00ba grau completo. Forma\u00e7\u00e3o t\u00e9cnica \u00e9 um diferencial. Experiencia necess\u00e1ria: &#8211; Viv\u00eancia em constru\u00e7\u00e3o de rede optica com lan\u00e7amento de cabos opticos e equipagem de postes &#8211; Conhecimento em procedimentos de seguran\u00e7a [&hellip;]<\/p>\n","protected":false},"author":1,"featured_media":0,"comment_status":"open","ping_status":"open","sticky":false,"template":"","format":"standard","meta":{"footnotes":""},"categories":[21],"tags":[],"class_list":["post-4772","post","type-post","status-publish","format-standard","hentry","category-rio-de-janeiro-rj"],"_links":{"self":[{"href":"https:\/\/vagas.portalemprego.com.br\/index.php?rest_route=\/wp\/v2\/posts\/4772","targetHints":{"allow":["GET"]}}],"collection":[{"href":"https:\/\/vagas.portalemprego.com.br\/index.php?rest_route=\/wp\/v2\/posts"}],"about":[{"href":"https:\/\/vagas.portalemprego.com.br\/index.php?rest_route=\/wp\/v2\/types\/post"}],"author":[{"embeddable":true,"href":"https:\/\/vagas.portalemprego.com.br\/index.php?rest_route=\/wp\/v2\/users\/1"}],"replies":[{"embeddable":true,"href":"https:\/\/vagas.portalemprego.com.br\/index.php?rest_route=%2Fwp%2Fv2%2Fcomments&post=4772"}],"version-history":[{"count":0,"href":"https:\/\/vagas.portalemprego.com.br\/index.php?rest_route=\/wp\/v2\/posts\/4772\/revisions"}],"wp:attachment":[{"href":"https:\/\/vagas.portalemprego.com.br\/index.php?rest_route=%2Fwp%2Fv2%2Fmedia&parent=4772"}],"wp:term":[{"taxonomy":"category","embeddable":true,"href":"https:\/\/vagas.portalemprego.com.br\/index.php?rest_route=%2Fwp%2Fv2%2Fcategories&post=4772"},{"taxonomy":"post_tag","embeddable":true,"href":"https:\/\/vagas.portalemprego.com.br\/index.php?rest_route=%2Fwp%2Fv2%2Ftags&post=4772"}],"curies":[{"name":"wp","href":"https:\/\/api.w.org\/{rel}","templated":true}]}}