{"id":4774,"date":"2026-04-29T06:03:03","date_gmt":"2026-04-29T09:03:03","guid":{"rendered":"https:\/\/vagas.portalemprego.com.br\/?p=4774"},"modified":"2026-04-29T06:03:03","modified_gmt":"2026-04-29T09:03:03","slug":"encarregado-de-construcao-de-rede-optica-informatica-ti-telecomunicacoes-sao-joao-de-meriti-2","status":"publish","type":"post","link":"https:\/\/vagas.portalemprego.com.br\/?p=4774","title":{"rendered":"Encarregado de constru\u00e7\u00e3o de rede optica &#8211; Inform\u00e1tica, TI, Telecomunica\u00e7\u00f5es &#8211; S\u00e3o Jo\u00e3o de Meriti"},"content":{"rendered":"<p>Descri\u00e7\u00e3o da vaga: L\u00edder da equipe de campo que faz a implanta\u00e7\u00e3o eou manuten\u00e7\u00e3o de rede GPON atrav\u00e9s do lan\u00e7amento de cabos opticos, adequa\u00e7\u00e3o de postes, constru\u00e7\u00e3o e instala\u00e7\u00e3o de caixas.<\/p>\n<p>Forma\u00e7\u00e3o: M\u00ednimo 2\u00ba grau completo ou curso t\u00e9cnico de eletr\u00f4nica, telecom, TI ou similar.<\/p>\n<p>Experiencia necess\u00e1ria:<br \/>\n&#8211; Experiencia comprovada, liderando equipes de campo de lan\u00e7amento de cabos e adequa\u00e7\u00e3o de postes<br \/>\n&#8211; Viv\u00eancia em constru\u00e7\u00e3o de rede optica a\u00e9rea e subterr\u00e2nea GPON<br \/>\n&#8211; Conhecimento em procedimentos de seguran\u00e7a de constru\u00e7\u00e3o em campo (refer\u00eancia NR10 e 35) e uso de EPIs<br \/>\n&#8211; Conhecimento em elabora\u00e7\u00e3o de di\u00e1rio de obras<br \/>\n&#8211; Conhecimento em medi\u00e7\u00e3o de produ\u00e7\u00e3o de obras<br \/>\n&#8211; Conhecimento em an\u00e1lise de projeto optico<br \/>\n&#8211; Conhecimento em confer\u00eancia de materiais miscelaneos que s\u00e3o utilizados em obras de rede optica<br \/>\n&#8211; Conhecimento constru\u00e7\u00e3o de caixas subterr\u00e2neas<br \/>\n&#8211; Saber utilizar excel e word<br \/>\n&#8211; CNH v\u00e1lida<\/p>\n<p>Atividades a serem desenvolvidas:<br \/>\n&#8211; Lan\u00e7amento de cabo optico a\u00e9reo ou subterraneo<br \/>\n&#8211; Realizar troca, implanta\u00e7\u00e3o ou equipar postes (colocar bra\u00e7adeira, isoladores), passar cabos, manuten\u00e7\u00e3o em cabos a\u00e9reos e subterr\u00e2neos<br \/>\n&#8211; Apresentar relat\u00f3rios de atividades di\u00e1rias<br \/>\n&#8211; Realizar leitura dos projetos e distribui\u00e7\u00e3o das atividades a serem executadas pela equipe<br \/>\n&#8211; liderar a equipe em campo para atingir as metas definidas<br \/>\n&#8211; gerenciar o hor\u00e1rio e performance dos membros da equipe<\/p>\n<p>Tipo de atua\u00e7\u00e3o: em campo presencial no Rio de Janeiro, com alguma possibilidade de viagens no estado do RJ<br \/>\nLocal:\u00a0 Rio de Janeiro &#8211; RJ<br \/>\nHor\u00e1rio: 08:00 as 17:00hs com 1 hora de almo\u00e7o<\/p>\n<ul>\n<li>N\u00famero de vagas: 2<\/li>\n<li>Local de trabalho: S\u00e3o Jo\u00e3o de Meriti, RJ<\/li>\n<li>Regime de contrata\u00e7\u00e3o de tipo: Efetivo \u2013 CLT<\/li>\n<li>Jornada: Per\u00edodo Integral<\/li>\n<li>\u00c1rea e especializa\u00e7\u00e3o profissional: Inform\u00e1tica, TI, Telecomunica\u00e7\u00f5es &#8211; Telecomunica\u00e7\u00f5es<\/li>\n<li>N\u00edvel hier\u00e1rquico: Encarregado<\/li>\n<\/ul>\n<p>Escolaridade M\u00ednima: Ensino M\u00e9dio (2\u00ba Grau)<\/p>\n<p>Forma\u00e7\u00e3o desejada:<\/p>\n<ul>\n<li>Telecomunica\u00e7\u00f5es, Curso T\u00e9cnico<\/li>\n<li>Eletr\u00f4nica, Curso T\u00e9cnico<\/li>\n<\/ul>\n<p>Habilita\u00e7\u00e3o para dirigir: E, D, C, B<\/p>\n<p>Disponibilidade para viajar<\/p>\n<ul>\n<li>Programa de Atendimento ao Empregado (PAE)<\/li>\n<li>Seguro de Vida<\/li>\n<li>Plano Odontol\u00f3gico<\/li>\n<li>Plano de Sa\u00fade<\/li>\n<li>VR\/ou VA<\/li>\n<li>VT<\/li>\n<\/ul>\n","protected":false},"excerpt":{"rendered":"<p>Descri\u00e7\u00e3o da vaga: L\u00edder da equipe de campo que faz a implanta\u00e7\u00e3o eou manuten\u00e7\u00e3o de rede GPON atrav\u00e9s do lan\u00e7amento de cabos opticos, adequa\u00e7\u00e3o de postes, constru\u00e7\u00e3o e instala\u00e7\u00e3o de caixas. Forma\u00e7\u00e3o: M\u00ednimo 2\u00ba grau completo ou curso t\u00e9cnico de eletr\u00f4nica, telecom, TI ou similar. Experiencia necess\u00e1ria: &#8211; Experiencia comprovada, liderando equipes de campo de [&hellip;]<\/p>\n","protected":false},"author":1,"featured_media":0,"comment_status":"open","ping_status":"open","sticky":false,"template":"","format":"standard","meta":{"footnotes":""},"categories":[21],"tags":[],"class_list":["post-4774","post","type-post","status-publish","format-standard","hentry","category-rio-de-janeiro-rj"],"_links":{"self":[{"href":"https:\/\/vagas.portalemprego.com.br\/index.php?rest_route=\/wp\/v2\/posts\/4774","targetHints":{"allow":["GET"]}}],"collection":[{"href":"https:\/\/vagas.portalemprego.com.br\/index.php?rest_route=\/wp\/v2\/posts"}],"about":[{"href":"https:\/\/vagas.portalemprego.com.br\/index.php?rest_route=\/wp\/v2\/types\/post"}],"author":[{"embeddable":true,"href":"https:\/\/vagas.portalemprego.com.br\/index.php?rest_route=\/wp\/v2\/users\/1"}],"replies":[{"embeddable":true,"href":"https:\/\/vagas.portalemprego.com.br\/index.php?rest_route=%2Fwp%2Fv2%2Fcomments&post=4774"}],"version-history":[{"count":0,"href":"https:\/\/vagas.portalemprego.com.br\/index.php?rest_route=\/wp\/v2\/posts\/4774\/revisions"}],"wp:attachment":[{"href":"https:\/\/vagas.portalemprego.com.br\/index.php?rest_route=%2Fwp%2Fv2%2Fmedia&parent=4774"}],"wp:term":[{"taxonomy":"category","embeddable":true,"href":"https:\/\/vagas.portalemprego.com.br\/index.php?rest_route=%2Fwp%2Fv2%2Fcategories&post=4774"},{"taxonomy":"post_tag","embeddable":true,"href":"https:\/\/vagas.portalemprego.com.br\/index.php?rest_route=%2Fwp%2Fv2%2Ftags&post=4774"}],"curies":[{"name":"wp","href":"https:\/\/api.w.org\/{rel}","templated":true}]}}