{"id":4778,"date":"2026-04-29T06:03:03","date_gmt":"2026-04-29T09:03:03","guid":{"rendered":"https:\/\/vagas.portalemprego.com.br\/?p=4778"},"modified":"2026-04-29T06:03:03","modified_gmt":"2026-04-29T09:03:03","slug":"promotor-de-vendas-mrv-comercial-vendas-nova-iguacu-3","status":"publish","type":"post","link":"https:\/\/vagas.portalemprego.com.br\/?p=4778","title":{"rendered":"Promotor de Vendas MRV &#8211; Comercial, Vendas &#8211; Nova Igua\u00e7u"},"content":{"rendered":"<p>Oportunidade de Carreira em Vendas com a MRV &amp; CO!<br \/>\nEstamos em busca de um Promotor de Vendas din\u00e2mico e entusiasta para se juntar \u00e0 nossa equipe. Se voc\u00ea \u00e9 uma pessoa comunicativa, com uma forte habilidade para interagir com clientes e tem um grande interesse em crescer em um ambiente de trabalho desafiador e inovador, esta \u00e9 a oportunidade perfeita para voc\u00ea.<br \/>\nComo Promotor de Vendas na MRV &amp; CO, voc\u00ea ser\u00e1 respons\u00e1vel por promover nossos produtos e servi\u00e7os, atendendo e orientando clientes em potencial. Sua principal fun\u00e7\u00e3o ser\u00e1 garantir a satisfa\u00e7\u00e3o do cliente, esclarecendo d\u00favidas e promovendo a venda de nossos empreendimentos. Al\u00e9m disso, voc\u00ea ser\u00e1 o elo entre os clientes e a equipe de vendas, garantindo que todas as expectativas sejam atendidas e que os clientes tenham uma experi\u00eancia inesquec\u00edvel.<br \/>\nPara se candidatar a esta posi\u00e7\u00e3o, \u00e9 necess\u00e1rio ter uma boa comunica\u00e7\u00e3o verbal, uma atitude proativa e uma paix\u00e3o por vendas. Experi\u00eancia pr\u00e9via em vendas \u00e9 um diferencial, mas n\u00e3o \u00e9 obrigat\u00f3ria. Se voc\u00ea tem um forte senso de responsabilidade e \u00e9 capaz de trabalhar em equipe, esta oportunidade \u00e9 para voc\u00ea.<br \/>\nA MRV &amp; CO oferece um ambiente de trabalho acolhedor e um pacote de benef\u00edcios competitivo. Estamos comprometidos em oferecer um ambiente de crescimento profissional e pessoal, onde voc\u00ea pode desenvolver suas habilidades e alcan\u00e7ar seus objetivos de carreira.<br \/>\nJunte-se \u00e0 MRV &amp; CO e fa\u00e7a parte de uma equipe que valoriza o trabalho em equipe, a inova\u00e7\u00e3o e o sucesso m\u00fatuo. Se voc\u00ea est\u00e1 pronto para um novo desafio e quer fazer parte de uma empresa que se destaca no mercado, candidate-se agora e venha fazer parte dessa jornada de sucesso!<\/p>\n<ul>\n<li>N\u00famero de vagas: 15<\/li>\n<li>Local de trabalho: Nova Igua\u00e7u, RJ<\/li>\n<li>Regime de contrata\u00e7\u00e3o de tipo: Prestador de Servi\u00e7os (PJ)<\/li>\n<li>Jornada: Per\u00edodo Integral<\/li>\n<li>\u00c1rea e especializa\u00e7\u00e3o profissional: Comercial, Vendas &#8211; Corretagem<\/li>\n<li>N\u00edvel hier\u00e1rquico: Consultor<\/li>\n<\/ul>\n<p>VALORIZADO<\/p>\n<p>Tempo de experi\u00eancia: Entre 1 e 3 anos<\/p>\n<p>Escolaridade M\u00ednima: Ensino M\u00e9dio (2\u00ba Grau)<\/p>\n<p>Sal\u00e1rio: 10000,0<\/p>\n","protected":false},"excerpt":{"rendered":"<p>Oportunidade de Carreira em Vendas com a MRV &amp; CO! Estamos em busca de um Promotor de Vendas din\u00e2mico e entusiasta para se juntar \u00e0 nossa equipe. Se voc\u00ea \u00e9 uma pessoa comunicativa, com uma forte habilidade para interagir com clientes e tem um grande interesse em crescer em um ambiente de trabalho desafiador e [&hellip;]<\/p>\n","protected":false},"author":1,"featured_media":0,"comment_status":"open","ping_status":"open","sticky":false,"template":"","format":"standard","meta":{"footnotes":""},"categories":[21],"tags":[],"class_list":["post-4778","post","type-post","status-publish","format-standard","hentry","category-rio-de-janeiro-rj"],"_links":{"self":[{"href":"https:\/\/vagas.portalemprego.com.br\/index.php?rest_route=\/wp\/v2\/posts\/4778","targetHints":{"allow":["GET"]}}],"collection":[{"href":"https:\/\/vagas.portalemprego.com.br\/index.php?rest_route=\/wp\/v2\/posts"}],"about":[{"href":"https:\/\/vagas.portalemprego.com.br\/index.php?rest_route=\/wp\/v2\/types\/post"}],"author":[{"embeddable":true,"href":"https:\/\/vagas.portalemprego.com.br\/index.php?rest_route=\/wp\/v2\/users\/1"}],"replies":[{"embeddable":true,"href":"https:\/\/vagas.portalemprego.com.br\/index.php?rest_route=%2Fwp%2Fv2%2Fcomments&post=4778"}],"version-history":[{"count":0,"href":"https:\/\/vagas.portalemprego.com.br\/index.php?rest_route=\/wp\/v2\/posts\/4778\/revisions"}],"wp:attachment":[{"href":"https:\/\/vagas.portalemprego.com.br\/index.php?rest_route=%2Fwp%2Fv2%2Fmedia&parent=4778"}],"wp:term":[{"taxonomy":"category","embeddable":true,"href":"https:\/\/vagas.portalemprego.com.br\/index.php?rest_route=%2Fwp%2Fv2%2Fcategories&post=4778"},{"taxonomy":"post_tag","embeddable":true,"href":"https:\/\/vagas.portalemprego.com.br\/index.php?rest_route=%2Fwp%2Fv2%2Ftags&post=4778"}],"curies":[{"name":"wp","href":"https:\/\/api.w.org\/{rel}","templated":true}]}}