{"id":4780,"date":"2026-04-29T06:03:03","date_gmt":"2026-04-29T09:03:03","guid":{"rendered":"https:\/\/vagas.portalemprego.com.br\/?p=4780"},"modified":"2026-04-29T06:03:03","modified_gmt":"2026-04-29T09:03:03","slug":"analista-de-midias-sociais-e-sac-informatica-ti-telecomunicacoes-rio-de-janeiro","status":"publish","type":"post","link":"https:\/\/vagas.portalemprego.com.br\/?p=4780","title":{"rendered":"Analista de M\u00eddias Sociais e Sac &#8211; Inform\u00e1tica, TI, Telecomunica\u00e7\u00f5es &#8211; Rio de Janeiro"},"content":{"rendered":"<p>Vaga \u2013 Analista de M\u00eddias Sociais e SAC<br \/>\n Segmento: Varejo | Loja de Capacetes e Equipamentos de Seguran\u00e7a<br \/>\n Modelo: CLT | Vaga aberta<br \/>\nEmpresa do segmento de varejo busca Analista de M\u00eddias Sociais e SAC para atua\u00e7\u00e3o presencial, com foco em comunica\u00e7\u00e3o, relacionamento com clientes e reda\u00e7\u00e3o de conte\u00fados, incluindo apoio a outros canais como o e-commerce.<br \/>\nA posi\u00e7\u00e3o \u00e9 ideal para quem gosta de troca constante, ambiente din\u00e2mico e quer crescer em um contexto de perfil startup, com atua\u00e7\u00e3o pr\u00e1tica e pr\u00f3xima da opera\u00e7\u00e3o.<br \/>\nPrincipais responsabilidades:<br \/>\nAtuar na gest\u00e3o das m\u00eddias sociais da marca;<br \/>\nRealizar atendimento ao cliente via SAC, garantindo boa experi\u00eancia e comunica\u00e7\u00e3o alinhada;<br \/>\nProduzir reda\u00e7\u00f5es e textos para diferentes canais, incluindo redes sociais e e-commerce;<br \/>\nInteragir com clientes, equipe e demais \u00e1reas, mantendo comunica\u00e7\u00e3o clara e colaborativa;<br \/>\nAtuar de forma \u201cm\u00e3o na massa\u201d, acompanhando o dia a dia da opera\u00e7\u00e3o e da comunica\u00e7\u00e3o.<br \/>\nPerfil esperado:<br \/>\nGostar de troca constante e trabalho em equipe;<br \/>\nPerfil din\u00e2mico, comunicativo e proativo;<br \/>\nInteresse em crescimento profissional;<br \/>\nMentalidade pr\u00e1tica e adapt\u00e1vel;<br \/>\nIdentifica\u00e7\u00e3o com ambientes de perfil startup.<br \/>\nInforma\u00e7\u00f5es da vaga:<br \/>\nRegime de contrata\u00e7\u00e3o: CLT<br \/>\nSal\u00e1rio: R$ 3.600,00<br \/>\nBenef\u00edcios: Vale Refei\u00e7\u00e3o (VR), Vale Alimenta\u00e7\u00e3o (VA) e Participa\u00e7\u00e3o nos Lucros (PL)<br \/>\nHor\u00e1rio: 9h \u00e0s 18h<br \/>\nModelo de trabalho: Presencial<br \/>\nLocal: Leblon \u2013 RJ<\/p>\n<ul>\n<li>Local de trabalho: Rio de Janeiro, RJ<\/li>\n<li>Regime de contrata\u00e7\u00e3o de tipo: Efetivo \u2013 CLT<\/li>\n<li>Jornada: Per\u00edodo Integral<\/li>\n<li>\u00c1rea e especializa\u00e7\u00e3o profissional: Inform\u00e1tica, TI, Telecomunica\u00e7\u00f5es &#8211; Internet \/ Web Design<\/li>\n<li>N\u00edvel hier\u00e1rquico: Operacional<\/li>\n<\/ul>\n<p>VALORIZADO<\/p>\n<p>Tempo de experi\u00eancia: Entre 1 e 3 anos<\/p>\n<p>Escolaridade M\u00ednima: Ensino Superior<\/p>\n<p>Sal\u00e1rio: 3601,0<\/p>\n","protected":false},"excerpt":{"rendered":"<p>Vaga \u2013 Analista de M\u00eddias Sociais e SAC Segmento: Varejo | Loja de Capacetes e Equipamentos de Seguran\u00e7a Modelo: CLT | Vaga aberta Empresa do segmento de varejo busca Analista de M\u00eddias Sociais e SAC para atua\u00e7\u00e3o presencial, com foco em comunica\u00e7\u00e3o, relacionamento com clientes e reda\u00e7\u00e3o de conte\u00fados, incluindo apoio a outros canais como [&hellip;]<\/p>\n","protected":false},"author":1,"featured_media":0,"comment_status":"open","ping_status":"open","sticky":false,"template":"","format":"standard","meta":{"footnotes":""},"categories":[21],"tags":[],"class_list":["post-4780","post","type-post","status-publish","format-standard","hentry","category-rio-de-janeiro-rj"],"_links":{"self":[{"href":"https:\/\/vagas.portalemprego.com.br\/index.php?rest_route=\/wp\/v2\/posts\/4780","targetHints":{"allow":["GET"]}}],"collection":[{"href":"https:\/\/vagas.portalemprego.com.br\/index.php?rest_route=\/wp\/v2\/posts"}],"about":[{"href":"https:\/\/vagas.portalemprego.com.br\/index.php?rest_route=\/wp\/v2\/types\/post"}],"author":[{"embeddable":true,"href":"https:\/\/vagas.portalemprego.com.br\/index.php?rest_route=\/wp\/v2\/users\/1"}],"replies":[{"embeddable":true,"href":"https:\/\/vagas.portalemprego.com.br\/index.php?rest_route=%2Fwp%2Fv2%2Fcomments&post=4780"}],"version-history":[{"count":0,"href":"https:\/\/vagas.portalemprego.com.br\/index.php?rest_route=\/wp\/v2\/posts\/4780\/revisions"}],"wp:attachment":[{"href":"https:\/\/vagas.portalemprego.com.br\/index.php?rest_route=%2Fwp%2Fv2%2Fmedia&parent=4780"}],"wp:term":[{"taxonomy":"category","embeddable":true,"href":"https:\/\/vagas.portalemprego.com.br\/index.php?rest_route=%2Fwp%2Fv2%2Fcategories&post=4780"},{"taxonomy":"post_tag","embeddable":true,"href":"https:\/\/vagas.portalemprego.com.br\/index.php?rest_route=%2Fwp%2Fv2%2Ftags&post=4780"}],"curies":[{"name":"wp","href":"https:\/\/api.w.org\/{rel}","templated":true}]}}