{"id":4781,"date":"2026-04-29T06:03:03","date_gmt":"2026-04-29T09:03:03","guid":{"rendered":"https:\/\/vagas.portalemprego.com.br\/?p=4781"},"modified":"2026-04-29T06:03:03","modified_gmt":"2026-04-29T09:03:03","slug":"gerente-de-clinica-saude-petropolis","status":"publish","type":"post","link":"https:\/\/vagas.portalemprego.com.br\/?p=4781","title":{"rendered":"Gerente de Cl\u00ednica &#8211; Sa\u00fade &#8211; Petr\u00f3polis"},"content":{"rendered":"<p>Atividades a serem desenvolvidas:<br \/>\nPropor melhorias, acompanhar resultados e manter o foco constante em crescimento, redu\u00e7\u00e3o de custos e presta\u00e7\u00e3o de servi\u00e7os focado na excel\u00eancia;<br \/>\nColaborar com outros departamentos para garantir a integra\u00e7\u00e3o das atividades comerciais com os objetivos;<br \/>\nControlar, atualizar e arquivar documentos importantes e indispens\u00e1veis de funcionamento da cl\u00ednica local;<br \/>\nControlar o fluxo de caixas e despesas (di\u00e1rias, semanais e mensais);<br \/>\nGerenciar e controlar as atividades e processos da cl\u00ednica;<br \/>\nFazer interface entre empresa e cliente;<br \/>\nGerenciar equipes internas e externas;<\/p>\n<p>Experi\u00eancia profissional:<br \/>\nGradua\u00e7\u00e3o em Administra\u00e7\u00e3o ou \u00e1reas afins;<br \/>\nExperi\u00eancia na fun\u00e7\u00e3o de no m\u00ednimo 2 anos;<br \/>\nResidir na regi\u00e3o serrana ou proximidades;<br \/>\nExperi\u00eancia com Excel.<\/p>\n<ul>\n<li>Local de trabalho: Petr\u00f3polis, RJ<\/li>\n<li>Regime de contrata\u00e7\u00e3o de tipo: Efetivo \u2013 CLT<\/li>\n<li>Jornada: Per\u00edodo Integral<\/li>\n<li>\u00c1rea e especializa\u00e7\u00e3o profissional: Sa\u00fade &#8211; Odontologia<\/li>\n<li>N\u00edvel hier\u00e1rquico: Gerente<\/li>\n<\/ul>\n<p>VALORIZADO<\/p>\n<p>Tempo de experi\u00eancia: Entre 1 e 3 anos<\/p>\n<p>HABILIDADES<\/p>\n<ul>\n<li>Resili\u00eancia<\/li>\n<li>Lideran\u00e7a<\/li>\n<li>Trabalho em Equipe<\/li>\n<li>Comunica\u00e7\u00e3o<\/li>\n<\/ul>\n<p>Escolaridade M\u00ednima: Ensino Superior<\/p>\n<ul>\n<li>VT<\/li>\n<li>VR<\/li>\n<\/ul>\n","protected":false},"excerpt":{"rendered":"<p>Atividades a serem desenvolvidas: Propor melhorias, acompanhar resultados e manter o foco constante em crescimento, redu\u00e7\u00e3o de custos e presta\u00e7\u00e3o de servi\u00e7os focado na excel\u00eancia; Colaborar com outros departamentos para garantir a integra\u00e7\u00e3o das atividades comerciais com os objetivos; Controlar, atualizar e arquivar documentos importantes e indispens\u00e1veis de funcionamento da cl\u00ednica local; Controlar o fluxo [&hellip;]<\/p>\n","protected":false},"author":1,"featured_media":0,"comment_status":"open","ping_status":"open","sticky":false,"template":"","format":"standard","meta":{"footnotes":""},"categories":[21],"tags":[],"class_list":["post-4781","post","type-post","status-publish","format-standard","hentry","category-rio-de-janeiro-rj"],"_links":{"self":[{"href":"https:\/\/vagas.portalemprego.com.br\/index.php?rest_route=\/wp\/v2\/posts\/4781","targetHints":{"allow":["GET"]}}],"collection":[{"href":"https:\/\/vagas.portalemprego.com.br\/index.php?rest_route=\/wp\/v2\/posts"}],"about":[{"href":"https:\/\/vagas.portalemprego.com.br\/index.php?rest_route=\/wp\/v2\/types\/post"}],"author":[{"embeddable":true,"href":"https:\/\/vagas.portalemprego.com.br\/index.php?rest_route=\/wp\/v2\/users\/1"}],"replies":[{"embeddable":true,"href":"https:\/\/vagas.portalemprego.com.br\/index.php?rest_route=%2Fwp%2Fv2%2Fcomments&post=4781"}],"version-history":[{"count":0,"href":"https:\/\/vagas.portalemprego.com.br\/index.php?rest_route=\/wp\/v2\/posts\/4781\/revisions"}],"wp:attachment":[{"href":"https:\/\/vagas.portalemprego.com.br\/index.php?rest_route=%2Fwp%2Fv2%2Fmedia&parent=4781"}],"wp:term":[{"taxonomy":"category","embeddable":true,"href":"https:\/\/vagas.portalemprego.com.br\/index.php?rest_route=%2Fwp%2Fv2%2Fcategories&post=4781"},{"taxonomy":"post_tag","embeddable":true,"href":"https:\/\/vagas.portalemprego.com.br\/index.php?rest_route=%2Fwp%2Fv2%2Ftags&post=4781"}],"curies":[{"name":"wp","href":"https:\/\/api.w.org\/{rel}","templated":true}]}}