{"id":4782,"date":"2026-04-29T06:04:04","date_gmt":"2026-04-29T09:04:04","guid":{"rendered":"https:\/\/vagas.portalemprego.com.br\/?p=4782"},"modified":"2026-04-29T06:04:04","modified_gmt":"2026-04-29T09:04:04","slug":"fiscal-de-rede-informatica-ti-telecomunicacoes-sao-joao-de-meriti","status":"publish","type":"post","link":"https:\/\/vagas.portalemprego.com.br\/?p=4782","title":{"rendered":"Fiscal de Rede &#8211; Inform\u00e1tica, TI, Telecomunica\u00e7\u00f5es &#8211; S\u00e3o Jo\u00e3o de Meriti"},"content":{"rendered":"<p>Descri\u00e7\u00e3o da vaga: Fiscal de campo para fiscalizar constru\u00e7\u00e3o de rede \u00f3ptica GPON<br \/>\nForma\u00e7\u00e3o: M\u00ednimo 2\u00ba grau completo ou curso t\u00e9cnico de eletr\u00f4nica, telecom, TI ou similar.<br \/>\nExperiencia necess\u00e1ria:<br \/>\nExperiencia em fiscaliza\u00e7\u00e3o de constru\u00e7\u00e3o de rede GPON<br \/>\nLeitura de projetos opticos em dwg ou similar<br \/>\nConhecimento de t\u00e9cnicas de constru\u00e7\u00e3o de rede<br \/>\nConhecimento intermedi\u00e1rio de excel e word<br \/>\nDisponibilidade para viagens quando solicitado<br \/>\nCNH v\u00e1lida<\/p>\n<p>Atividades a serem desenvolvidas:<br \/>\nFiscalizar a implanta\u00e7\u00e3o de rede de fibra optica e analisar se est\u00e1 em conformidade com o projeto definido<br \/>\nOrientar e dar suporte a equipe de campo terceirizada<br \/>\nRelatar problemas da implanta\u00e7\u00e3o ao supervisor<br \/>\nAnalisar medi\u00e7\u00e3o da obra e aprovar ou rejeitar<br \/>\nTipo de atua\u00e7\u00e3o: em campo presencial no Rio de Janeiro, com alguma possibilidade de viagens no estado do RJ<br \/>\nLocal:\u00a0 Rio de Janeiro- RJ<br \/>\nHor\u00e1rio: 08:00 as 17:00hs com 1 hora de almo\u00e7o<\/p>\n<ul>\n<li>N\u00famero de vagas: 2<\/li>\n<li>Local de trabalho: S\u00e3o Jo\u00e3o de Meriti, RJ<\/li>\n<li>Regime de contrata\u00e7\u00e3o de tipo: Efetivo \u2013 CLT<\/li>\n<li>Jornada: Per\u00edodo Integral<\/li>\n<li>\u00c1rea e especializa\u00e7\u00e3o profissional: Inform\u00e1tica, TI, Telecomunica\u00e7\u00f5es &#8211; Telecomunica\u00e7\u00f5es<\/li>\n<li>N\u00edvel hier\u00e1rquico: Encarregado<\/li>\n<\/ul>\n<p>HABILIDADES<\/p>\n<ul>\n<li>Saber trabalhar em ambiente com press\u00e3o<\/li>\n<li>organiza\u00e7\u00e3o<\/li>\n<li>relacionamento interpessoal<\/li>\n<li>pontualidade<\/li>\n<li>Comunica\u00e7\u00e3o<\/li>\n<\/ul>\n<p>Escolaridade M\u00ednima: Ensino M\u00e9dio (2\u00ba Grau)<\/p>\n<p>Forma\u00e7\u00e3o desejada:<\/p>\n<ul>\n<li>Telecomunica\u00e7\u00f5es, Curso T\u00e9cnico<\/li>\n<li>Eletrot\u00e9cnica, Curso T\u00e9cnico<\/li>\n<\/ul>\n<p>Habilita\u00e7\u00e3o para dirigir: D, C, B, A, E<\/p>\n<p>Disponibilidade para viajar<\/p>\n<ul>\n<li>Seguro de Vida<\/li>\n<li>Aux\u00edlio creche<\/li>\n<li>Assist\u00eancia m\u00e9dica<\/li>\n<li>Assist\u00eancia odontol\u00f3gica<\/li>\n<li>Vale refei\u00e7\u00e3o ou Vale alimenta\u00e7\u00e3o<\/li>\n<li>Vale-transporte<\/li>\n<\/ul>\n<p>Sal\u00e1rio: 2884,0<\/p>\n","protected":false},"excerpt":{"rendered":"<p>Descri\u00e7\u00e3o da vaga: Fiscal de campo para fiscalizar constru\u00e7\u00e3o de rede \u00f3ptica GPON Forma\u00e7\u00e3o: M\u00ednimo 2\u00ba grau completo ou curso t\u00e9cnico de eletr\u00f4nica, telecom, TI ou similar. Experiencia necess\u00e1ria: Experiencia em fiscaliza\u00e7\u00e3o de constru\u00e7\u00e3o de rede GPON Leitura de projetos opticos em dwg ou similar Conhecimento de t\u00e9cnicas de constru\u00e7\u00e3o de rede Conhecimento intermedi\u00e1rio de [&hellip;]<\/p>\n","protected":false},"author":1,"featured_media":0,"comment_status":"open","ping_status":"open","sticky":false,"template":"","format":"standard","meta":{"footnotes":""},"categories":[21],"tags":[],"class_list":["post-4782","post","type-post","status-publish","format-standard","hentry","category-rio-de-janeiro-rj"],"_links":{"self":[{"href":"https:\/\/vagas.portalemprego.com.br\/index.php?rest_route=\/wp\/v2\/posts\/4782","targetHints":{"allow":["GET"]}}],"collection":[{"href":"https:\/\/vagas.portalemprego.com.br\/index.php?rest_route=\/wp\/v2\/posts"}],"about":[{"href":"https:\/\/vagas.portalemprego.com.br\/index.php?rest_route=\/wp\/v2\/types\/post"}],"author":[{"embeddable":true,"href":"https:\/\/vagas.portalemprego.com.br\/index.php?rest_route=\/wp\/v2\/users\/1"}],"replies":[{"embeddable":true,"href":"https:\/\/vagas.portalemprego.com.br\/index.php?rest_route=%2Fwp%2Fv2%2Fcomments&post=4782"}],"version-history":[{"count":0,"href":"https:\/\/vagas.portalemprego.com.br\/index.php?rest_route=\/wp\/v2\/posts\/4782\/revisions"}],"wp:attachment":[{"href":"https:\/\/vagas.portalemprego.com.br\/index.php?rest_route=%2Fwp%2Fv2%2Fmedia&parent=4782"}],"wp:term":[{"taxonomy":"category","embeddable":true,"href":"https:\/\/vagas.portalemprego.com.br\/index.php?rest_route=%2Fwp%2Fv2%2Fcategories&post=4782"},{"taxonomy":"post_tag","embeddable":true,"href":"https:\/\/vagas.portalemprego.com.br\/index.php?rest_route=%2Fwp%2Fv2%2Ftags&post=4782"}],"curies":[{"name":"wp","href":"https:\/\/api.w.org\/{rel}","templated":true}]}}