{"id":4784,"date":"2026-04-29T06:04:04","date_gmt":"2026-04-29T09:04:04","guid":{"rendered":"https:\/\/vagas.portalemprego.com.br\/?p=4784"},"modified":"2026-04-29T06:04:04","modified_gmt":"2026-04-29T09:04:04","slug":"analista-de-marketing-digital-marketing-niteroi","status":"publish","type":"post","link":"https:\/\/vagas.portalemprego.com.br\/?p=4784","title":{"rendered":"Analista de Marketing Digital &#8211; Marketing &#8211; Niter\u00f3i"},"content":{"rendered":"<p>Estamos em busca de um Analista de Marketing Digital para se juntar \u00e0 equipe da Gr\u00e1fica Power Print.Buscamos algu\u00e9m que tenha paix\u00e3o por marketing digital e que queira contribuir para o crescimento e a visibilidade da nossa marca.<br \/>\nComo Analista de Marketing Digital, voc\u00ea ser\u00e1 respons\u00e1vel por desenvolver e implementar estrat\u00e9gias de marketing digital que ajudem a aumentar a presen\u00e7a online da Gr\u00e1fica Power Print.Suas principais responsabilidades incluir\u00e3o a cria\u00e7\u00e3o e otimiza\u00e7\u00e3o de campanhas de marketing em plataformas digitais, como Google Ads, Facebook Ads e outras redes sociais.Al\u00e9m disso, voc\u00ea precisar\u00e1 analisar dados de tr\u00e1fego e campanhas para identificar \u00e1reas de melhoria e implementar estrat\u00e9gias que maximizem o retorno sobre o investimento.<br \/>\nPara este cargo, buscamos um profissional com forma\u00e7\u00e3o em marketing, publicidade ou \u00e1rea correlata.Experi\u00eancia pr\u00e9via em marketing digital \u00e9 um diferencial, especialmente se voc\u00ea tiver trabalhado em campanhas de SEO, SEM, e-mail marketing e an\u00e1lise de dados.Conhecimento em ferramentas de marketing digital, como Google Analytics, \u00e9 um grande plus.<br \/>\nA Gr\u00e1fica Power Print valoriza a inova\u00e7\u00e3o e a criatividade.Portanto, se voc\u00ea \u00e9 uma pessoa que gosta de pensar fora da caixa e tem um olho agu\u00e7ado para as tend\u00eancias do mercado digital, esta \u00e9 a oportunidade perfeita para voc\u00ea.Junte-se \u00e0 nossa equipe e ajude a levar a Gr\u00e1fica Power Print para o pr\u00f3ximo n\u00edvel de sucesso.<br \/>\nSe voc\u00ea se identifica com este perfil e est\u00e1 pronto para se juntar a uma equipe din\u00e2mica e inovadora, estamos ansiosos para conhecer seu perfil.<\/p>\n<ul>\n<li>Local de trabalho: Niter\u00f3i, RJ<\/li>\n<li>Regime de contrata\u00e7\u00e3o de tipo: Efetivo \u2013 CLT<\/li>\n<li>Jornada: Per\u00edodo Integral<\/li>\n<li>\u00c1rea e especializa\u00e7\u00e3o profissional: Marketing &#8211; Marketing<\/li>\n<li>N\u00edvel hier\u00e1rquico: Analista<\/li>\n<\/ul>\n<p>Escolaridade M\u00ednima: Ensino Superior<\/p>\n","protected":false},"excerpt":{"rendered":"<p>Estamos em busca de um Analista de Marketing Digital para se juntar \u00e0 equipe da Gr\u00e1fica Power Print.Buscamos algu\u00e9m que tenha paix\u00e3o por marketing digital e que queira contribuir para o crescimento e a visibilidade da nossa marca. Como Analista de Marketing Digital, voc\u00ea ser\u00e1 respons\u00e1vel por desenvolver e implementar estrat\u00e9gias de marketing digital que [&hellip;]<\/p>\n","protected":false},"author":1,"featured_media":0,"comment_status":"open","ping_status":"open","sticky":false,"template":"","format":"standard","meta":{"footnotes":""},"categories":[21],"tags":[],"class_list":["post-4784","post","type-post","status-publish","format-standard","hentry","category-rio-de-janeiro-rj"],"_links":{"self":[{"href":"https:\/\/vagas.portalemprego.com.br\/index.php?rest_route=\/wp\/v2\/posts\/4784","targetHints":{"allow":["GET"]}}],"collection":[{"href":"https:\/\/vagas.portalemprego.com.br\/index.php?rest_route=\/wp\/v2\/posts"}],"about":[{"href":"https:\/\/vagas.portalemprego.com.br\/index.php?rest_route=\/wp\/v2\/types\/post"}],"author":[{"embeddable":true,"href":"https:\/\/vagas.portalemprego.com.br\/index.php?rest_route=\/wp\/v2\/users\/1"}],"replies":[{"embeddable":true,"href":"https:\/\/vagas.portalemprego.com.br\/index.php?rest_route=%2Fwp%2Fv2%2Fcomments&post=4784"}],"version-history":[{"count":0,"href":"https:\/\/vagas.portalemprego.com.br\/index.php?rest_route=\/wp\/v2\/posts\/4784\/revisions"}],"wp:attachment":[{"href":"https:\/\/vagas.portalemprego.com.br\/index.php?rest_route=%2Fwp%2Fv2%2Fmedia&parent=4784"}],"wp:term":[{"taxonomy":"category","embeddable":true,"href":"https:\/\/vagas.portalemprego.com.br\/index.php?rest_route=%2Fwp%2Fv2%2Fcategories&post=4784"},{"taxonomy":"post_tag","embeddable":true,"href":"https:\/\/vagas.portalemprego.com.br\/index.php?rest_route=%2Fwp%2Fv2%2Ftags&post=4784"}],"curies":[{"name":"wp","href":"https:\/\/api.w.org\/{rel}","templated":true}]}}