{"id":4785,"date":"2026-04-29T06:04:04","date_gmt":"2026-04-29T09:04:04","guid":{"rendered":"https:\/\/vagas.portalemprego.com.br\/?p=4785"},"modified":"2026-04-29T06:04:04","modified_gmt":"2026-04-29T09:04:04","slug":"auxiliar-de-construcao-de-rede-opticas-informatica-ti-telecomunicacoes-sao-joao-de-meriti","status":"publish","type":"post","link":"https:\/\/vagas.portalemprego.com.br\/?p=4785","title":{"rendered":"Auxiliar de constru\u00e7\u00e3o de rede opticas &#8211; Inform\u00e1tica, TI, Telecomunica\u00e7\u00f5es &#8211; S\u00e3o Jo\u00e3o de Meriti"},"content":{"rendered":"<p>Descri\u00e7\u00e3o da vaga: Profissional para atuar auxiliar nas equipes de lan\u00e7amento de cabos (classe L) ou as equipes de fus\u00e3o optica (classe F)<br \/>\nForma\u00e7\u00e3o: 2o grau completo<br \/>\nExperiencia necess\u00e1ria:<br \/>\nViv\u00eancia em constru\u00e7\u00e3o de rede optica na parte de lan\u00e7amento de cabos, equipagem de postes e\/ou prepara\u00e7\u00e3o de cabos para fus\u00f5es opticas<br \/>\nConhecimento de materiais de rede e cabos<\/p>\n<p>Atividades a serem desenvolvidas:<br \/>\nAuxiliar os oficiais de rede e\/ou t\u00e9cnicos em fibra \u00f3ptica em suas atribui\u00e7\u00f5es di\u00e1rias<br \/>\nOrganizar os materiais e insumos para execu\u00e7\u00e3o das atividades, bem como acondicionamento dos mesmos no ve\u00edculo da equipe<br \/>\nAuxiliar nas instala\u00e7\u00f5es das ferragens em postes e lan\u00e7amento de cabos nos casos de auxiliares da equipe classe L e auxiliar na prepara\u00e7\u00e3o dos cabos para as fus\u00f5es opticas no caso de auxiliares da equipe classe F<br \/>\nTipo de atua\u00e7\u00e3o: em campo presencial no Rio de Janeiro, com alguma possibilidade de viagens no estado do RJ<br \/>\nLocal:\u00a0 Rio de Janeiro-RJ<br \/>\nHorario: 08:00 as 17:00hs com 1 hora de almo\u00e7o<\/p>\n<ul>\n<li>Local de trabalho: S\u00e3o Jo\u00e3o de Meriti, RJ<\/li>\n<li>Regime de contrata\u00e7\u00e3o de tipo: Efetivo \u2013 CLT<\/li>\n<li>Jornada: Per\u00edodo Integral<\/li>\n<li>\u00c1rea e especializa\u00e7\u00e3o profissional: Inform\u00e1tica, TI, Telecomunica\u00e7\u00f5es &#8211; Telecomunica\u00e7\u00f5es<\/li>\n<li>N\u00edvel hier\u00e1rquico: Auxiliar<\/li>\n<\/ul>\n<p>HABILIDADES<\/p>\n<ul>\n<li>Relacionamento interpessoal<\/li>\n<li>Organiza\u00e7\u00e3o<\/li>\n<li>Pontualidade<\/li>\n<li>Proatividade<\/li>\n<\/ul>\n<p>Escolaridade M\u00ednima: Ensino M\u00e9dio (2\u00ba Grau)<\/p>\n<p>Disponibilidade para viajar<\/p>\n<p>Sal\u00e1rio: 1848,0<\/p>\n","protected":false},"excerpt":{"rendered":"<p>Descri\u00e7\u00e3o da vaga: Profissional para atuar auxiliar nas equipes de lan\u00e7amento de cabos (classe L) ou as equipes de fus\u00e3o optica (classe F) Forma\u00e7\u00e3o: 2o grau completo Experiencia necess\u00e1ria: Viv\u00eancia em constru\u00e7\u00e3o de rede optica na parte de lan\u00e7amento de cabos, equipagem de postes e\/ou prepara\u00e7\u00e3o de cabos para fus\u00f5es opticas Conhecimento de materiais de [&hellip;]<\/p>\n","protected":false},"author":1,"featured_media":0,"comment_status":"open","ping_status":"open","sticky":false,"template":"","format":"standard","meta":{"footnotes":""},"categories":[21],"tags":[],"class_list":["post-4785","post","type-post","status-publish","format-standard","hentry","category-rio-de-janeiro-rj"],"_links":{"self":[{"href":"https:\/\/vagas.portalemprego.com.br\/index.php?rest_route=\/wp\/v2\/posts\/4785","targetHints":{"allow":["GET"]}}],"collection":[{"href":"https:\/\/vagas.portalemprego.com.br\/index.php?rest_route=\/wp\/v2\/posts"}],"about":[{"href":"https:\/\/vagas.portalemprego.com.br\/index.php?rest_route=\/wp\/v2\/types\/post"}],"author":[{"embeddable":true,"href":"https:\/\/vagas.portalemprego.com.br\/index.php?rest_route=\/wp\/v2\/users\/1"}],"replies":[{"embeddable":true,"href":"https:\/\/vagas.portalemprego.com.br\/index.php?rest_route=%2Fwp%2Fv2%2Fcomments&post=4785"}],"version-history":[{"count":0,"href":"https:\/\/vagas.portalemprego.com.br\/index.php?rest_route=\/wp\/v2\/posts\/4785\/revisions"}],"wp:attachment":[{"href":"https:\/\/vagas.portalemprego.com.br\/index.php?rest_route=%2Fwp%2Fv2%2Fmedia&parent=4785"}],"wp:term":[{"taxonomy":"category","embeddable":true,"href":"https:\/\/vagas.portalemprego.com.br\/index.php?rest_route=%2Fwp%2Fv2%2Fcategories&post=4785"},{"taxonomy":"post_tag","embeddable":true,"href":"https:\/\/vagas.portalemprego.com.br\/index.php?rest_route=%2Fwp%2Fv2%2Ftags&post=4785"}],"curies":[{"name":"wp","href":"https:\/\/api.w.org\/{rel}","templated":true}]}}