{"id":4788,"date":"2026-04-29T06:04:04","date_gmt":"2026-04-29T09:04:04","guid":{"rendered":"https:\/\/vagas.portalemprego.com.br\/?p=4788"},"modified":"2026-04-29T06:04:04","modified_gmt":"2026-04-29T09:04:04","slug":"tecnico-de-fusao-informatica-ti-telecomunicacoes-sao-joao-de-meriti","status":"publish","type":"post","link":"https:\/\/vagas.portalemprego.com.br\/?p=4788","title":{"rendered":"T\u00e9cnico de Fus\u00e3o &#8211; Inform\u00e1tica, TI, Telecomunica\u00e7\u00f5es &#8211; S\u00e3o Jo\u00e3o de Meriti"},"content":{"rendered":"<p>Descri\u00e7\u00e3o da vaga: Profissional com experiencia t\u00e9cnica em realizar fus\u00f5es de cabos opticos, montagens de caixas de emenda, caixas de atendimento, DIO\u00b4S , OTDR e lan\u00e7amento de cabo de fibra \u00f3ptica.<br \/>\nForma\u00e7\u00e3o: M\u00ednimo 2\u00ba grau completo ou curso t\u00e9cnico de eletr\u00f4nica, telecom, TI ou similar.<br \/>\nExperiencia necess\u00e1ria:<br \/>\nExperiencia em em fus\u00e3o de cabos opticos e medi\u00e7\u00e3o de atenua\u00e7\u00f5es<br \/>\nLeitura de curvas de medi\u00e7\u00e3o com OTDR<br \/>\nViv\u00eancia em constru\u00e7\u00e3o de rede optica<br \/>\nConhecimento em procedimentos de seguran\u00e7a de constru\u00e7\u00e3o em campo (refer\u00eancia NR10 e 35) e uso de EPIs<br \/>\nConhecimento em medi\u00e7\u00e3o de produ\u00e7\u00e3o de obras<br \/>\nConhecimento constru\u00e7\u00e3o de caixas subterr\u00e2neas<br \/>\nConhecimento em FTTH e GPON<br \/>\nSaber utilizar excel e word<br \/>\nAtividades a serem desenvolvidas:<br \/>\nRealizar fus\u00f5es em cabos \u00f3pticos<br \/>\nRealizar teste com OTDR e analise de atenua\u00e7\u00e3o<br \/>\nReparar cabo \u00f3ptico<br \/>\nLan\u00e7ar cabo \u00f3ptico a\u00e9reo ou subterr\u00e2neo<br \/>\nAtivar e realizar manuten\u00e7\u00e3o da rede \u00f3ptica em ambientes internos e externos<br \/>\nAferir circuitos<br \/>\nTipo de atua\u00e7\u00e3o: em campo presencial no Rio de Janeiro, com alguma possibilidade de viagens no estado do RJ<br \/>\nLocal:\u00a0 Rio de Janeiro-RJ<br \/>\nHor\u00e1rio: 08:00 as 17:00hs com 1 hora de almo\u00e7o<\/p>\n<ul>\n<li>N\u00famero de vagas: 6<\/li>\n<li>Local de trabalho: S\u00e3o Jo\u00e3o de Meriti, RJ<\/li>\n<li>Regime de contrata\u00e7\u00e3o de tipo: Efetivo \u2013 CLT<\/li>\n<li>Jornada: Per\u00edodo Integral<\/li>\n<li>\u00c1rea e especializa\u00e7\u00e3o profissional: Inform\u00e1tica, TI, Telecomunica\u00e7\u00f5es &#8211; Telecomunica\u00e7\u00f5es<\/li>\n<li>N\u00edvel hier\u00e1rquico: Operacional<\/li>\n<\/ul>\n<p>HABILIDADES<\/p>\n<ul>\n<li>boa comunica\u00e7\u00e3o<\/li>\n<li>pontualidade<\/li>\n<li>organiza\u00e7\u00e3o<\/li>\n<li>trabalho sob press\u00e3o<\/li>\n<li>relacionamento interpessoal<\/li>\n<\/ul>\n<p>Escolaridade M\u00ednima: Ensino M\u00e9dio (2\u00ba Grau)<\/p>\n<p>Forma\u00e7\u00e3o desejada:<\/p>\n<ul>\n<li>Telecomunica\u00e7\u00f5es, Curso T\u00e9cnico<\/li>\n<li>Eletr\u00f4nica, Curso T\u00e9cnico<\/li>\n<\/ul>\n<p>Habilita\u00e7\u00e3o para dirigir: B<\/p>\n<p>Disponibilidade para viajar<\/p>\n<ul>\n<li>Assist\u00eancia m\u00e9dica<\/li>\n<li>Assist\u00eancia odontol\u00f3gica<\/li>\n<li>Seguro de Vida<\/li>\n<li>Vale-transporte<\/li>\n<li>Aux\u00edlio creche<\/li>\n<li>Vale refei\u00e7\u00e3o ou alimenta\u00e7\u00e3o<\/li>\n<\/ul>\n<p>Sal\u00e1rio: 2371,0<\/p>\n","protected":false},"excerpt":{"rendered":"<p>Descri\u00e7\u00e3o da vaga: Profissional com experiencia t\u00e9cnica em realizar fus\u00f5es de cabos opticos, montagens de caixas de emenda, caixas de atendimento, DIO\u00b4S , OTDR e lan\u00e7amento de cabo de fibra \u00f3ptica. Forma\u00e7\u00e3o: M\u00ednimo 2\u00ba grau completo ou curso t\u00e9cnico de eletr\u00f4nica, telecom, TI ou similar. Experiencia necess\u00e1ria: Experiencia em em fus\u00e3o de cabos opticos e [&hellip;]<\/p>\n","protected":false},"author":1,"featured_media":0,"comment_status":"open","ping_status":"open","sticky":false,"template":"","format":"standard","meta":{"footnotes":""},"categories":[21],"tags":[],"class_list":["post-4788","post","type-post","status-publish","format-standard","hentry","category-rio-de-janeiro-rj"],"_links":{"self":[{"href":"https:\/\/vagas.portalemprego.com.br\/index.php?rest_route=\/wp\/v2\/posts\/4788","targetHints":{"allow":["GET"]}}],"collection":[{"href":"https:\/\/vagas.portalemprego.com.br\/index.php?rest_route=\/wp\/v2\/posts"}],"about":[{"href":"https:\/\/vagas.portalemprego.com.br\/index.php?rest_route=\/wp\/v2\/types\/post"}],"author":[{"embeddable":true,"href":"https:\/\/vagas.portalemprego.com.br\/index.php?rest_route=\/wp\/v2\/users\/1"}],"replies":[{"embeddable":true,"href":"https:\/\/vagas.portalemprego.com.br\/index.php?rest_route=%2Fwp%2Fv2%2Fcomments&post=4788"}],"version-history":[{"count":0,"href":"https:\/\/vagas.portalemprego.com.br\/index.php?rest_route=\/wp\/v2\/posts\/4788\/revisions"}],"wp:attachment":[{"href":"https:\/\/vagas.portalemprego.com.br\/index.php?rest_route=%2Fwp%2Fv2%2Fmedia&parent=4788"}],"wp:term":[{"taxonomy":"category","embeddable":true,"href":"https:\/\/vagas.portalemprego.com.br\/index.php?rest_route=%2Fwp%2Fv2%2Fcategories&post=4788"},{"taxonomy":"post_tag","embeddable":true,"href":"https:\/\/vagas.portalemprego.com.br\/index.php?rest_route=%2Fwp%2Fv2%2Ftags&post=4788"}],"curies":[{"name":"wp","href":"https:\/\/api.w.org\/{rel}","templated":true}]}}