{"id":4790,"date":"2026-04-29T06:04:04","date_gmt":"2026-04-29T09:04:04","guid":{"rendered":"https:\/\/vagas.portalemprego.com.br\/?p=4790"},"modified":"2026-04-29T06:04:04","modified_gmt":"2026-04-29T09:04:04","slug":"auxiliar-de-logistica-logistica-rio-de-janeiro-8","status":"publish","type":"post","link":"https:\/\/vagas.portalemprego.com.br\/?p=4790","title":{"rendered":"AUXILIAR DE LOGISTICA &#8211; Log\u00edstica &#8211; Rio de Janeiro"},"content":{"rendered":"<p>AUXILIAR DE LOG\u00cdSTICA<br \/>\n?? Local: Vargem Grande<br \/>\n?? Fun\u00e7\u00e3o: Auxiliar de Log\u00edstica<br \/>\n?? Sal\u00e1rio: R$ 1.800,00<br \/>\n? Hor\u00e1rio de Trabalho:<br \/>\nSegunda a quinta-feira: 08h \u00e0s 18h<br \/>\nSexta-feira: 08h \u00e0s 17h<br \/>\n?? Benef\u00edcios:<br \/>\nAlimenta\u00e7\u00e3o no local (caf\u00e9 da manh\u00e3, almo\u00e7o e lanche da tarde)<br \/>\nVale Transporte (VT)<br \/>\n?? Atividades:<br \/>\nApoio nas rotinas de recebimento, confer\u00eancia e armazenamento de mercadorias<br \/>\nSepara\u00e7\u00e3o e organiza\u00e7\u00e3o de materiais<br \/>\nControle de estoque<br \/>\nApoio nas atividades operacionais do setor de log\u00edstica<br \/>\n?? Requisitos:<br \/>\nEnsino m\u00e9dio completo<br \/>\nOrganiza\u00e7\u00e3o e responsabilidade<br \/>\nDisponibilidade para o hor\u00e1rio informado<\/p>\n<ul>\n<li>N\u00famero de vagas: 4<\/li>\n<li>Local de trabalho: Rio de Janeiro, RJ<\/li>\n<li>Regime de contrata\u00e7\u00e3o de tipo: Efetivo \u2013 CLT<\/li>\n<li>Jornada: Per\u00edodo Integral<\/li>\n<li>\u00c1rea e especializa\u00e7\u00e3o profissional: Log\u00edstica &#8211; Log\u00edstica<\/li>\n<li>N\u00edvel hier\u00e1rquico: Auxiliar<\/li>\n<\/ul>\n<p>Escolaridade M\u00ednima: Ensino M\u00e9dio (2\u00ba Grau)<\/p>\n<p>Sal\u00e1rio: 1900,0<\/p>\n","protected":false},"excerpt":{"rendered":"<p>AUXILIAR DE LOG\u00cdSTICA ?? Local: Vargem Grande ?? Fun\u00e7\u00e3o: Auxiliar de Log\u00edstica ?? Sal\u00e1rio: R$ 1.800,00 ? Hor\u00e1rio de Trabalho: Segunda a quinta-feira: 08h \u00e0s 18h Sexta-feira: 08h \u00e0s 17h ?? Benef\u00edcios: Alimenta\u00e7\u00e3o no local (caf\u00e9 da manh\u00e3, almo\u00e7o e lanche da tarde) Vale Transporte (VT) ?? Atividades: Apoio nas rotinas de recebimento, confer\u00eancia e [&hellip;]<\/p>\n","protected":false},"author":1,"featured_media":0,"comment_status":"open","ping_status":"open","sticky":false,"template":"","format":"standard","meta":{"footnotes":""},"categories":[21],"tags":[],"class_list":["post-4790","post","type-post","status-publish","format-standard","hentry","category-rio-de-janeiro-rj"],"_links":{"self":[{"href":"https:\/\/vagas.portalemprego.com.br\/index.php?rest_route=\/wp\/v2\/posts\/4790","targetHints":{"allow":["GET"]}}],"collection":[{"href":"https:\/\/vagas.portalemprego.com.br\/index.php?rest_route=\/wp\/v2\/posts"}],"about":[{"href":"https:\/\/vagas.portalemprego.com.br\/index.php?rest_route=\/wp\/v2\/types\/post"}],"author":[{"embeddable":true,"href":"https:\/\/vagas.portalemprego.com.br\/index.php?rest_route=\/wp\/v2\/users\/1"}],"replies":[{"embeddable":true,"href":"https:\/\/vagas.portalemprego.com.br\/index.php?rest_route=%2Fwp%2Fv2%2Fcomments&post=4790"}],"version-history":[{"count":0,"href":"https:\/\/vagas.portalemprego.com.br\/index.php?rest_route=\/wp\/v2\/posts\/4790\/revisions"}],"wp:attachment":[{"href":"https:\/\/vagas.portalemprego.com.br\/index.php?rest_route=%2Fwp%2Fv2%2Fmedia&parent=4790"}],"wp:term":[{"taxonomy":"category","embeddable":true,"href":"https:\/\/vagas.portalemprego.com.br\/index.php?rest_route=%2Fwp%2Fv2%2Fcategories&post=4790"},{"taxonomy":"post_tag","embeddable":true,"href":"https:\/\/vagas.portalemprego.com.br\/index.php?rest_route=%2Fwp%2Fv2%2Ftags&post=4790"}],"curies":[{"name":"wp","href":"https:\/\/api.w.org\/{rel}","templated":true}]}}