{"id":4791,"date":"2026-04-29T06:04:04","date_gmt":"2026-04-29T09:04:04","guid":{"rendered":"https:\/\/vagas.portalemprego.com.br\/?p=4791"},"modified":"2026-04-29T06:04:04","modified_gmt":"2026-04-29T09:04:04","slug":"atendente-comercial-ii-meio-ambiente-ecologia-paracambi","status":"publish","type":"post","link":"https:\/\/vagas.portalemprego.com.br\/?p=4791","title":{"rendered":"Atendente Comercial II &#8211; Meio Ambiente, Ecologia &#8211; Paracambi"},"content":{"rendered":"<p>O Grupo Seres em parceria com empresa do segmento de Saneamento, busca profissionais para atuar como Atendente Comercial II.<br \/>\nAtividades:<br \/>\nPrestar atendimento aos clientes, atrav\u00e9s de liga\u00e7\u00f5es telef\u00f4nicas, presencialmente em lojas, de forma itinerante, canais digitais e\/ou em projetos dos quais a Empresa;<br \/>\nEncaminhar aos setores respons\u00e1veis todas as demandas recebidas dos clientes, atrav\u00e9s de ordens de servi\u00e7os ou outros recursos dispon\u00edveis;<br \/>\nAnalisar o v\u00ednculo do cliente, realizando negocia\u00e7\u00f5es para pagamento de d\u00e9bitos, respeitando os limites estabelecidos e sinalizando ao l\u00edder quando houver;<br \/>\nRealizar atualiza\u00e7\u00f5es cadastrais de clientes (endere\u00e7os, RG, CPF, telefones, etc), bem como registros de reclama\u00e7\u00f5es\/sugest\u00f5es, atrav\u00e9s do sistema, visando \u00e0 preserva\u00e7\u00e3o da carteira de clientes, imagem da Concession\u00e1ria e satisfa\u00e7\u00e3o dos usu\u00e1rios.<\/p>\n<p>Requisitos:<br \/>\nEnsino superior completo (adm e afins);<br \/>\nViv\u00eancia na \u00e1rea administrativa.<br \/>\nJornada de trabalho:<br \/>\nSeg. a quinta 08h at\u00e9 18h e sexta 08h at\u00e9 17h.<br \/>\nLocal:<br \/>\nParacambi\/RJ.<\/p>\n<ul>\n<li>Local de trabalho: Paracambi, RJ<\/li>\n<li>Regime de contrata\u00e7\u00e3o de tipo: Tempor\u00e1rio<\/li>\n<li>Jornada: Per\u00edodo Integral<\/li>\n<li>\u00c1rea e especializa\u00e7\u00e3o profissional: Meio Ambiente, Ecologia &#8211; Saneamento Ambiental<\/li>\n<li>N\u00edvel hier\u00e1rquico: Assistente<\/li>\n<\/ul>\n<p>Escolaridade M\u00ednima: Ensino Superior<\/p>\n<ul>\n<li>Vale-transporte<\/li>\n<li>Vale-refei\u00e7\u00e3o<\/li>\n<\/ul>\n","protected":false},"excerpt":{"rendered":"<p>O Grupo Seres em parceria com empresa do segmento de Saneamento, busca profissionais para atuar como Atendente Comercial II. Atividades: Prestar atendimento aos clientes, atrav\u00e9s de liga\u00e7\u00f5es telef\u00f4nicas, presencialmente em lojas, de forma itinerante, canais digitais e\/ou em projetos dos quais a Empresa; Encaminhar aos setores respons\u00e1veis todas as demandas recebidas dos clientes, atrav\u00e9s de [&hellip;]<\/p>\n","protected":false},"author":1,"featured_media":0,"comment_status":"open","ping_status":"open","sticky":false,"template":"","format":"standard","meta":{"footnotes":""},"categories":[21],"tags":[],"class_list":["post-4791","post","type-post","status-publish","format-standard","hentry","category-rio-de-janeiro-rj"],"_links":{"self":[{"href":"https:\/\/vagas.portalemprego.com.br\/index.php?rest_route=\/wp\/v2\/posts\/4791","targetHints":{"allow":["GET"]}}],"collection":[{"href":"https:\/\/vagas.portalemprego.com.br\/index.php?rest_route=\/wp\/v2\/posts"}],"about":[{"href":"https:\/\/vagas.portalemprego.com.br\/index.php?rest_route=\/wp\/v2\/types\/post"}],"author":[{"embeddable":true,"href":"https:\/\/vagas.portalemprego.com.br\/index.php?rest_route=\/wp\/v2\/users\/1"}],"replies":[{"embeddable":true,"href":"https:\/\/vagas.portalemprego.com.br\/index.php?rest_route=%2Fwp%2Fv2%2Fcomments&post=4791"}],"version-history":[{"count":0,"href":"https:\/\/vagas.portalemprego.com.br\/index.php?rest_route=\/wp\/v2\/posts\/4791\/revisions"}],"wp:attachment":[{"href":"https:\/\/vagas.portalemprego.com.br\/index.php?rest_route=%2Fwp%2Fv2%2Fmedia&parent=4791"}],"wp:term":[{"taxonomy":"category","embeddable":true,"href":"https:\/\/vagas.portalemprego.com.br\/index.php?rest_route=%2Fwp%2Fv2%2Fcategories&post=4791"},{"taxonomy":"post_tag","embeddable":true,"href":"https:\/\/vagas.portalemprego.com.br\/index.php?rest_route=%2Fwp%2Fv2%2Ftags&post=4791"}],"curies":[{"name":"wp","href":"https:\/\/api.w.org\/{rel}","templated":true}]}}