{"id":4801,"date":"2026-04-29T06:04:04","date_gmt":"2026-04-29T09:04:04","guid":{"rendered":"https:\/\/vagas.portalemprego.com.br\/?p=4801"},"modified":"2026-04-29T06:04:04","modified_gmt":"2026-04-29T09:04:04","slug":"estagio-de-farmacia-diversos-bairros-comercial-vendas-rio-de-janeiro","status":"publish","type":"post","link":"https:\/\/vagas.portalemprego.com.br\/?p=4801","title":{"rendered":"Est\u00e1gio de Farm\u00e1cia | Diversos bairros &#8211; Comercial, Vendas &#8211; Rio de Janeiro"},"content":{"rendered":"<p>Principais atividades:<br \/>\nApoio no controle de validade e armazenamento de medicamentos, garantindo que todos os produtos estejam organizados conforme normas sanit\u00e1rias.<br \/>\nAux\u00edlio na organiza\u00e7\u00e3o do estoque e na separa\u00e7\u00e3o de produtos controlados, acompanhando processos de recebimento e reposi\u00e7\u00e3o.<br \/>\nSuporte ao farmac\u00eautico no atendimento t\u00e9cnico ao cliente, oferecendo orienta\u00e7\u00e3o b\u00e1sica e esclarecimento de d\u00favidas, sempre com foco na seguran\u00e7a e na experi\u00eancia do cliente.<br \/>\nAcompanhamento das boas pr\u00e1ticas de dispensa\u00e7\u00e3o, observando a correta confer\u00eancia de prescri\u00e7\u00f5es e colaborando com as rotinas da \u00e1rea t\u00e9cnica.<br \/>\nParticipa\u00e7\u00e3o em rotinas operacionais da farm\u00e1cia, como confer\u00eancia de documentos, registro de atividades e apoio na log\u00edstica interna.<br \/>\nRequisitos:<br \/>\n?Estar matriculado(a) no curso de Farm\u00e1cia (preferencialmente a partir do 4\u00ba semestre)<br \/>\n? Disponibilidade para cumprir jornada de est\u00e1gio conforme termo de compromisso<br \/>\n? Comunica\u00e7\u00e3o clara e boa vontade em aprender no dia a dia<br \/>\nDiferenciais:<br \/>\n? Experi\u00eancia pr\u00e9via em atendimento ao cliente<br \/>\n? Interesse em aprofundar conhecimentos t\u00e9cnicos em farm\u00e1cia e varejo<br \/>\nBenef\u00edcios:<br \/>\nVT<br \/>\nRefei\u00e7\u00e3o no local<br \/>\nHor\u00e1rio de trabalho<br \/>\nSegunda \u00e0 Sexta (\u00e0 combinar)<\/p>\n<ul>\n<li>N\u00famero de vagas: 20<\/li>\n<li>Local de trabalho: Rio de Janeiro, RJ<\/li>\n<li>Regime de contrata\u00e7\u00e3o de tipo: Efetivo \u2013 CLT<\/li>\n<li>Jornada: Parcial tardes<\/li>\n<li>\u00c1rea e especializa\u00e7\u00e3o profissional: Comercial, Vendas &#8211; Atendimento<\/li>\n<li>N\u00edvel hier\u00e1rquico: Estagi\u00e1rio<\/li>\n<\/ul>\n<p>VALORIZADO<\/p>\n<p>Tempo de experi\u00eancia: Menos de 1 ano<\/p>\n<p>HABILIDADES<\/p>\n<ul>\n<li>Boa comunica\u00e7\u00e3o<\/li>\n<li>Relacionamento Interpessoal<\/li>\n<\/ul>\n<p>Escolaridade M\u00ednima: Ensino Superior<\/p>\n<ul>\n<li>Vale Transporte<\/li>\n<li>Refei\u00e7\u00e3o no local<\/li>\n<\/ul>\n","protected":false},"excerpt":{"rendered":"<p>Principais atividades: Apoio no controle de validade e armazenamento de medicamentos, garantindo que todos os produtos estejam organizados conforme normas sanit\u00e1rias. Aux\u00edlio na organiza\u00e7\u00e3o do estoque e na separa\u00e7\u00e3o de produtos controlados, acompanhando processos de recebimento e reposi\u00e7\u00e3o. Suporte ao farmac\u00eautico no atendimento t\u00e9cnico ao cliente, oferecendo orienta\u00e7\u00e3o b\u00e1sica e esclarecimento de d\u00favidas, sempre com [&hellip;]<\/p>\n","protected":false},"author":1,"featured_media":0,"comment_status":"open","ping_status":"open","sticky":false,"template":"","format":"standard","meta":{"footnotes":""},"categories":[21],"tags":[],"class_list":["post-4801","post","type-post","status-publish","format-standard","hentry","category-rio-de-janeiro-rj"],"_links":{"self":[{"href":"https:\/\/vagas.portalemprego.com.br\/index.php?rest_route=\/wp\/v2\/posts\/4801","targetHints":{"allow":["GET"]}}],"collection":[{"href":"https:\/\/vagas.portalemprego.com.br\/index.php?rest_route=\/wp\/v2\/posts"}],"about":[{"href":"https:\/\/vagas.portalemprego.com.br\/index.php?rest_route=\/wp\/v2\/types\/post"}],"author":[{"embeddable":true,"href":"https:\/\/vagas.portalemprego.com.br\/index.php?rest_route=\/wp\/v2\/users\/1"}],"replies":[{"embeddable":true,"href":"https:\/\/vagas.portalemprego.com.br\/index.php?rest_route=%2Fwp%2Fv2%2Fcomments&post=4801"}],"version-history":[{"count":0,"href":"https:\/\/vagas.portalemprego.com.br\/index.php?rest_route=\/wp\/v2\/posts\/4801\/revisions"}],"wp:attachment":[{"href":"https:\/\/vagas.portalemprego.com.br\/index.php?rest_route=%2Fwp%2Fv2%2Fmedia&parent=4801"}],"wp:term":[{"taxonomy":"category","embeddable":true,"href":"https:\/\/vagas.portalemprego.com.br\/index.php?rest_route=%2Fwp%2Fv2%2Fcategories&post=4801"},{"taxonomy":"post_tag","embeddable":true,"href":"https:\/\/vagas.portalemprego.com.br\/index.php?rest_route=%2Fwp%2Fv2%2Ftags&post=4801"}],"curies":[{"name":"wp","href":"https:\/\/api.w.org\/{rel}","templated":true}]}}